{"id":48169,"date":"2019-07-24T10:44:00","date_gmt":"2019-07-24T14:44:00","guid":{"rendered":"https:\/\/linitiative.ca\/International\/nabil-baffoun-si-la-loi-electorale-amendee-est-publiee-dans-le-j-o-elle-sera-immediatement-appliquee\/"},"modified":"2019-07-24T10:44:00","modified_gmt":"2019-07-24T14:44:00","slug":"nabil-baffoun-si-la-loi-electorale-amendee-est-publiee-dans-le-j-o-elle-sera-immediatement-appliquee","status":"publish","type":"post","link":"https:\/\/linitiative.ca\/International\/nabil-baffoun-si-la-loi-electorale-amendee-est-publiee-dans-le-j-o-elle-sera-immediatement-appliquee\/","title":{"rendered":"Nabil Baffoun : si la loi \u00e9lectorale amend\u00e9e est publi\u00e9e dans le J.O, elle sera imm\u00e9diatement appliqu\u00e9e"},"content":{"rendered":"<p>Alors que les appels de quelques partis comme Tahia Toun\u00e8s, Ennadha et le Courant d\u00e9mocratique au pr\u00e9sident de la R\u00e9publique pour promulguer les amendements de la loi \u00e9lectorale se font de plus en plus insistants, le pr\u00e9sident de l&rsquo;SIE, Nabil Baffoun a d\u00e9clar\u00e9 ce mercredi que l\u2019instance continuera \u00e0 r\u00e9ceptionner les candidatures pour les \u00e9lections suivant le la loi \u00e9lectorale non amend\u00e9e. Mais au cas o\u00f9 le texte amend\u00e9 est publi\u00e9 dans le journal officiel, il sera imm\u00e9diatement appliqu\u00e9e.<\/p>\n<p>Auteur:<br \/>\n<a href=\"https:\/\/www.leaders.com.tn\/article\/27565-nabil-baffoun-si-la-loi-electorale-amendee-est-publiee-elle-sera-immediatement-appliquee\">Cliquez ici pour lire l&rsquo;article depuis sa source.<\/a><\/p>\n","protected":false},"excerpt":{"rendered":"<p>Alors que les appels de quelques partis comme Tahia Toun\u00e8s, Ennadha et le Courant d\u00e9mocratique au pr\u00e9sident de la R\u00e9publique pour promulguer les amendements de la loi \u00e9lectorale se font de plus en plus insistants, le pr\u00e9sident de l&rsquo;SIE, Nabil Baffoun a d\u00e9clar\u00e9 ce mercredi que l\u2019instance continuera \u00e0 r\u00e9ceptionner les candidatures pour les \u00e9lections [&hellip;]<\/p>\n","protected":false},"author":1772,"featured_media":0,"comment_status":"closed","ping_status":"closed","sticky":false,"template":"","format":"standard","meta":{"fifu_image_url":"","fifu_image_alt":"","footnotes":""},"categories":[73,55],"tags":[],"class_list":["post-48169","post","type-post","status-publish","format-standard","hentry","category-actualite","category-tunisie"],"_links":{"self":[{"href":"https:\/\/linitiative.ca\/International\/wp-json\/wp\/v2\/posts\/48169","targetHints":{"allow":["GET"]}}],"collection":[{"href":"https:\/\/linitiative.ca\/International\/wp-json\/wp\/v2\/posts"}],"about":[{"href":"https:\/\/linitiative.ca\/International\/wp-json\/wp\/v2\/types\/post"}],"author":[{"embeddable":true,"href":"https:\/\/linitiative.ca\/International\/wp-json\/wp\/v2\/users\/1772"}],"replies":[{"embeddable":true,"href":"https:\/\/linitiative.ca\/International\/wp-json\/wp\/v2\/comments?post=48169"}],"version-history":[{"count":0,"href":"https:\/\/linitiative.ca\/International\/wp-json\/wp\/v2\/posts\/48169\/revisions"}],"wp:attachment":[{"href":"https:\/\/linitiative.ca\/International\/wp-json\/wp\/v2\/media?parent=48169"}],"wp:term":[{"taxonomy":"category","embeddable":true,"href":"https:\/\/linitiative.ca\/International\/wp-json\/wp\/v2\/categories?post=48169"},{"taxonomy":"post_tag","embeddable":true,"href":"https:\/\/linitiative.ca\/International\/wp-json\/wp\/v2\/tags?post=48169"}],"curies":[{"name":"wp","href":"https:\/\/api.w.org\/{rel}","templated":true}]}}