{"id":48173,"date":"2019-07-24T06:00:00","date_gmt":"2019-07-24T10:00:00","guid":{"rendered":"https:\/\/linitiative.ca\/International\/mick-jagger-sera-de-retour-au-cinema-a-la-mostra-de-venise\/"},"modified":"2019-07-24T06:00:00","modified_gmt":"2019-07-24T10:00:00","slug":"mick-jagger-sera-de-retour-au-cinema-a-la-mostra-de-venise","status":"publish","type":"post","link":"https:\/\/linitiative.ca\/International\/mick-jagger-sera-de-retour-au-cinema-a-la-mostra-de-venise\/","title":{"rendered":"Mick Jagger sera de retour au cin\u00e9ma \u00e0 la Mostra de Venise"},"content":{"rendered":"<p>La rock-star britannique, Mick Jagger, fera son retour au cin\u00e9ma \u00e0 la Mostra de Venise, o\u00f9 il pr\u00e9sentera en cl\u00f4ture du festival en septembre\u00a0 The Burnt Orange Heresy, thriller dont l&rsquo;intrigue se d\u00e9roule dans le monde de l&rsquo;art. Sign\u00e9 de l&rsquo;Italien Giuseppe Capotondi, The Burnt Orange Heresy, qui adapte le roman \u00e9ponyme de l&rsquo;Am\u00e9ricain Charles Willeford, met aussi en sc\u00e8ne le Canadien Donald Sutherland, le Danois Claes Bang et l&rsquo;Australienne Elizabeth Debicki (\u00abVita et Virginia\u00bb), indiquent les organisateurs de la Mostra. Mick Jagger, charismatique leader des Rolling Stones qui f\u00eatera ses 76 ans\u00a0 vendredi, a repris le 21 juin \u00e0 Chicago la tourn\u00e9e am\u00e9ricaine \u00abNo Filter Tour\u00bb\u00a0 du groupe, interrompue deux mois plus t\u00f4t en raison de ses probl\u00e8mes de sant\u00e9.\u00a0<br \/>La star \u00e9tait remont\u00e9e sur sc\u00e8ne apr\u00e8s une intervention de remplacement\u00a0 d&rsquo;une valve cardiaque.\u00a0 \u00a0Pour son retour sur grand \u00e9cran, le \u00abpapy du rock\u00bb incarne un riche\u00a0 collectionneur d&rsquo;art (Joseph Cassidy), obs\u00e9d\u00e9 par le peintre solitaire J\u00e9r\u00f4me\u00a0 Debney (Donald Sutherland), qui va proposer \u00e0 un couple d&rsquo;amoureux de\u00a0 rencontrer Debney en \u00e9change du vol d&rsquo;un chef-d&rsquo;\u0153uvre de l&rsquo;atelier de l&rsquo;artiste. Le film sera projet\u00e9 le 7 septembre sur le Lido de Venise, en premi\u00e8re\u00a0 mondiale et en cl\u00f4ture de la 76e Mostra.<br \/>\u00a0Rock-star plan\u00e9taire, Mick Jagger compte une dizaine de longs m\u00e9trages \u00e0\u00a0 son actif en tant qu&rsquo;acteur, sa derni\u00e8re apparition dans un film de fiction remontant \u00e0 2001 avec The Man from Elysian Fields (Les \u00e2mes perdues), de George Hickenlooper.\u00a0<br \/>Son \u00e9nergie l\u00e9gendaire \u00e9tait aussi au c\u0153ur du documentaire hommage\u00a0 consacr\u00e9 aux Rolling Stones Shine a Light en 2008 et r\u00e9alis\u00e9 par l&rsquo;Am\u00e9ricain Martin Scorsese.\u00a0<\/p>\n<p>Auteur:<br \/>\n<a href=\"https:\/\/www.lesoirdalgerie.com\/culture\/mick-jagger-sera-de-retour-au-cinema-a-la-mostra-de-venise-27516\">Cliquez ici pour lire l&rsquo;article depuis sa source.<\/a><\/p>\n","protected":false},"excerpt":{"rendered":"<p>La rock-star britannique, Mick Jagger, fera son retour au cin\u00e9ma \u00e0 la Mostra de Venise, o\u00f9 il pr\u00e9sentera en cl\u00f4ture du festival en septembre\u00a0 The Burnt Orange Heresy, thriller dont l&rsquo;intrigue se d\u00e9roule dans le monde de l&rsquo;art. Sign\u00e9 de l&rsquo;Italien Giuseppe Capotondi, The Burnt Orange Heresy, qui adapte le roman \u00e9ponyme de l&rsquo;Am\u00e9ricain Charles [&hellip;]<\/p>\n","protected":false},"author":1741,"featured_media":0,"comment_status":"closed","ping_status":"closed","sticky":false,"template":"","format":"standard","meta":{"fifu_image_url":"","fifu_image_alt":"","footnotes":""},"categories":[73,53],"tags":[],"class_list":["post-48173","post","type-post","status-publish","format-standard","hentry","category-actualite","category-algerie"],"_links":{"self":[{"href":"https:\/\/linitiative.ca\/International\/wp-json\/wp\/v2\/posts\/48173","targetHints":{"allow":["GET"]}}],"collection":[{"href":"https:\/\/linitiative.ca\/International\/wp-json\/wp\/v2\/posts"}],"about":[{"href":"https:\/\/linitiative.ca\/International\/wp-json\/wp\/v2\/types\/post"}],"author":[{"embeddable":true,"href":"https:\/\/linitiative.ca\/International\/wp-json\/wp\/v2\/users\/1741"}],"replies":[{"embeddable":true,"href":"https:\/\/linitiative.ca\/International\/wp-json\/wp\/v2\/comments?post=48173"}],"version-history":[{"count":0,"href":"https:\/\/linitiative.ca\/International\/wp-json\/wp\/v2\/posts\/48173\/revisions"}],"wp:attachment":[{"href":"https:\/\/linitiative.ca\/International\/wp-json\/wp\/v2\/media?parent=48173"}],"wp:term":[{"taxonomy":"category","embeddable":true,"href":"https:\/\/linitiative.ca\/International\/wp-json\/wp\/v2\/categories?post=48173"},{"taxonomy":"post_tag","embeddable":true,"href":"https:\/\/linitiative.ca\/International\/wp-json\/wp\/v2\/tags?post=48173"}],"curies":[{"name":"wp","href":"https:\/\/api.w.org\/{rel}","templated":true}]}}