{"id":48174,"date":"2019-07-24T06:00:00","date_gmt":"2019-07-24T10:00:00","guid":{"rendered":"https:\/\/linitiative.ca\/International\/une-piste-aux-etoiles-a-sidi-fredj\/"},"modified":"2019-07-24T06:00:00","modified_gmt":"2019-07-24T10:00:00","slug":"une-piste-aux-etoiles-a-sidi-fredj","status":"publish","type":"post","link":"https:\/\/linitiative.ca\/International\/une-piste-aux-etoiles-a-sidi-fredj\/","title":{"rendered":"Une \u00abpiste aux \u00e9toiles\u00bb \u00e0 Sidi Fredj"},"content":{"rendered":"<p>Cet \u00e9t\u00e9, il n\u2019y a pas que les concerts de musique au Centre artistique de Sidi Fredj (Casif). Cette nouvelle acquisition\u00a0 install\u00e9e \u00e0 l&rsquo;entr\u00e9e du Th\u00e9\u00e2tre de verdure situ\u00e9 tout pr\u00e8s de la mer, permettra la projection de films documentaires, dont l&rsquo;Etoile polaire, Plan\u00e8te ou encore Nous les \u00e9toiles, \u00e0 raison de deux s\u00e9ances par soir.<br \/>Un\u00a0 plan\u00e9tarium mobile, permettant la projection de films documentaires scientifiques en 360 degr\u00e9s, a \u00e9t\u00e9 install\u00e9 lundi au niveau du Casif \u00e0 l\u2019ouest de la ville d\u2019Alger, a annonc\u00e9 l&rsquo;Office national de la culture et de l&rsquo;information (Onci).<br \/>Cette nouvelle acquisition install\u00e9e pour deux semaines \u00e0 l&rsquo;entr\u00e9e du Th\u00e9\u00e2tre de verdure situ\u00e9 tout pr\u00e8s de la mer,\u00a0 permettra la projection en nocturne de 16 films documentaires, dont l&rsquo;Etoile polaire, Plan\u00e8te ou encore Nous les \u00e9toiles, \u00e0 raison de deux s\u00e9ances par soir.\u00a0\u00a0<br \/>Ce plan\u00e9tarium mobile est une structure gonflable en forme de d\u00f4me avec un projecteur central au sol, permettant de diffuser des films en 360 degr\u00e9s sur les parois (\u00e9cran) de la structure.<br \/>Le directeur de l&rsquo;Onci, Mourad Ouadahi a annonc\u00e9, par ailleurs,\u00a0 que le plan\u00e9tarium sera install\u00e9 \u00e0 Oran au mois d&rsquo;ao\u00fbt afin d&rsquo;accompagner le programme d&rsquo;animation musicale con\u00e7u par l&rsquo;Office dans cette ville de l\u2019Ouest alg\u00e9rien pendant la saison estivale. A partir du mois de septembre, le plan\u00e9tarium mobile sera install\u00e9 \u00abdans les villes des Hauts-Plateaux puis dans celles du Sud au mois d&rsquo;octobre\u00bb, a encore pr\u00e9cis\u00e9 le directeur de l\u2019Onci .\u00a0<br \/>L&rsquo;Office, en outre, vise \u00e9galement l&rsquo;organisation de projections et d\u2019ateliers en collaboration avec des \u00e9tablissements scolaires, universitaires ou encore touristiques.<br \/>Les projections vont \u00eatre \u00e9galement accompagn\u00e9es d&rsquo;ateliers d&rsquo;observation en astronomie et\u00a0 ce, en partenariat avec le Centre de recherche en astronomie, astrophysique et g\u00e9ophysique (Craag) qui a \u00e9galement assur\u00e9 la formation des animateurs, a-t-il ajout\u00e9.\u00a0<br \/>Une premi\u00e8re op\u00e9ration similaire s&rsquo;\u00e9tait tenue au mois de\u00a0 mai dernier au niveau du complexe culturel Abdelwahab-Salim du Chenoua dans la wilaya de Tipasa.<br \/>Depuis le d\u00e9but de la saison estivale, le Casif abrite des soir\u00e9es musicales vari\u00e9es.<br \/>Kader B.<\/p>\n<p>Auteur:<br \/>\n<a href=\"https:\/\/www.lesoirdalgerie.com\/culture\/une-piste-aux-etoiles-a-sidi-fredj-27515\">Cliquez ici pour lire l&rsquo;article depuis sa source.<\/a><\/p>\n","protected":false},"excerpt":{"rendered":"<p>Cet \u00e9t\u00e9, il n\u2019y a pas que les concerts de musique au Centre artistique de Sidi Fredj (Casif). Cette nouvelle acquisition\u00a0 install\u00e9e \u00e0 l&rsquo;entr\u00e9e du Th\u00e9\u00e2tre de verdure situ\u00e9 tout pr\u00e8s de la mer, permettra la projection de films documentaires, dont l&rsquo;Etoile polaire, Plan\u00e8te ou encore Nous les \u00e9toiles, \u00e0 raison de deux s\u00e9ances par [&hellip;]<\/p>\n","protected":false},"author":1741,"featured_media":0,"comment_status":"closed","ping_status":"closed","sticky":false,"template":"","format":"standard","meta":{"fifu_image_url":"","fifu_image_alt":"","footnotes":""},"categories":[73,53],"tags":[],"class_list":["post-48174","post","type-post","status-publish","format-standard","hentry","category-actualite","category-algerie"],"_links":{"self":[{"href":"https:\/\/linitiative.ca\/International\/wp-json\/wp\/v2\/posts\/48174","targetHints":{"allow":["GET"]}}],"collection":[{"href":"https:\/\/linitiative.ca\/International\/wp-json\/wp\/v2\/posts"}],"about":[{"href":"https:\/\/linitiative.ca\/International\/wp-json\/wp\/v2\/types\/post"}],"author":[{"embeddable":true,"href":"https:\/\/linitiative.ca\/International\/wp-json\/wp\/v2\/users\/1741"}],"replies":[{"embeddable":true,"href":"https:\/\/linitiative.ca\/International\/wp-json\/wp\/v2\/comments?post=48174"}],"version-history":[{"count":0,"href":"https:\/\/linitiative.ca\/International\/wp-json\/wp\/v2\/posts\/48174\/revisions"}],"wp:attachment":[{"href":"https:\/\/linitiative.ca\/International\/wp-json\/wp\/v2\/media?parent=48174"}],"wp:term":[{"taxonomy":"category","embeddable":true,"href":"https:\/\/linitiative.ca\/International\/wp-json\/wp\/v2\/categories?post=48174"},{"taxonomy":"post_tag","embeddable":true,"href":"https:\/\/linitiative.ca\/International\/wp-json\/wp\/v2\/tags?post=48174"}],"curies":[{"name":"wp","href":"https:\/\/api.w.org\/{rel}","templated":true}]}}