{"id":48185,"date":"2019-07-24T11:48:38","date_gmt":"2019-07-24T15:48:38","guid":{"rendered":"https:\/\/linitiative.ca\/International\/herve-renard-devoile-sa-prochaine-destination\/"},"modified":"2019-07-24T11:48:38","modified_gmt":"2019-07-24T15:48:38","slug":"herve-renard-devoile-sa-prochaine-destination","status":"publish","type":"post","link":"https:\/\/linitiative.ca\/International\/herve-renard-devoile-sa-prochaine-destination\/","title":{"rendered":"Herv\u00e9 Renard d\u00e9voile sa prochaine destination"},"content":{"rendered":"<p class=\"p1\"><strong>L\u2019entra\u00eeneur fran\u00e7ais Herv\u00e9 R\u00e9nard met fin aux rumeurs sur sa future destination, apr\u00e8s avoir annonc\u00e9 sa d\u00e9mission, dimanche, de son poste de coach de l\u2019\u00e9quipe nationale marocaine.<\/strong><\/p>\n<div class=\"c10\"\/>\n<p class=\"p1\">Le rapport vient apr\u00e8s des sp\u00e9culations sur sa prochaine \u00e9quipe et les rumeurs selon lesquelles l\u2019entra\u00eeneur fran\u00e7ais \u00e9tait actuellement au ch\u00f4mage, afin de s\u2019assurer que sa prochaine exp\u00e9rience se d\u00e9roulera au-del\u00e0 de l\u2019Afrique.<\/p>\n<p class=\"p1\">\u00ab\u00a0Un jour, je serai l\u2019entra\u00eeneur du S\u00e9n\u00e9gal\u00a0\u00bb, a d\u00e9clar\u00e9 le Fran\u00e7ais via son compte officiel sur le site de r\u00e9seau social \u00ab\u00a0Instagram\u00a0\u00bb, avec une photo d\u2019un site web s\u00e9n\u00e9galais, afin de dissiper toutes les nouvelles sur son avenir.<\/p>\n<p class=\"p1\">\u00ab\u00a0Afin de mettre un terme imm\u00e9diat \u00e0 des rumeurs totalement infond\u00e9es, j\u2019annoncerai d\u2019ici quelques jours mon choix, mais, je peux d\u2019ores et d\u00e9j\u00e0 vous dire, comme je l\u2019avais fait il y a quelques mois, que ce ne sera pas sur le continent africain\u00a0\u00bb, a-t-il indiqu\u00e9.<\/p>\n<blockquote class=\"instagram-media c38\" data-instgrm-captioned=\"\" data-instgrm-permalink=\"https:\/\/www.instagram.com\/p\/B0TO0tEiDji\/\" data-instgrm-version=\"12\">\n<\/blockquote>\n<p>Lire aussi:<a href=\"https:\/\/www.challenge.ma\/herve-renard-tord-le-cou-a-mustapha-hadji-113605\/\" target=\"_blank\" rel=\"noopener noreferrer\">Herv\u00e9 Renard tord le cou \u00e0 Mustapha Hadji !<\/a><\/p>\n<p>Plusieurs articles de presse ont confirm\u00e9 que l\u2019entra\u00eeneur fran\u00e7ais avait conclu un accord formel avec la F\u00e9d\u00e9ration saoudienne de football pour superviser les Verts au cours de la p\u00e9riode \u00e0 venir.<\/p>\n<p>Affaire \u00e0 suivre.<\/p>\n<div class=\"c45\">\n<fieldset class=\"c44\">\n<legend><strong><span class=\"c39\">Challenge<\/span><span class=\"c40\">news<\/span><\/strong><\/legend>\n<div class=\"c43\">Le meilleur de la r\u00e9daction s\u00e9lectionn\u00e9 par Challenge :<\/p>\n<\/div>\n<\/fieldset>\n<\/div>\n<p>Auteur: Hajar DARI<br \/>\n<a href=\"https:\/\/www.challenge.ma\/herve-renard-devoile-sa-prochaine-destination-113666\/\">Cliquez ici pour lire l&rsquo;article depuis sa source.<\/a><\/p>\n","protected":false},"excerpt":{"rendered":"<p>L\u2019entra\u00eeneur fran\u00e7ais Herv\u00e9 R\u00e9nard met fin aux rumeurs sur sa future destination, apr\u00e8s avoir annonc\u00e9 sa d\u00e9mission, dimanche, de son poste de coach de l\u2019\u00e9quipe nationale marocaine. Le rapport vient apr\u00e8s des sp\u00e9culations sur sa prochaine \u00e9quipe et les rumeurs selon lesquelles l\u2019entra\u00eeneur fran\u00e7ais \u00e9tait actuellement au ch\u00f4mage, afin de s\u2019assurer que sa prochaine exp\u00e9rience [&hellip;]<\/p>\n","protected":false},"author":1787,"featured_media":0,"comment_status":"closed","ping_status":"closed","sticky":false,"template":"","format":"standard","meta":{"fifu_image_url":"","fifu_image_alt":"","footnotes":""},"categories":[78,54],"tags":[],"class_list":["post-48185","post","type-post","status-publish","format-standard","hentry","category-economie","category-maroc"],"_links":{"self":[{"href":"https:\/\/linitiative.ca\/International\/wp-json\/wp\/v2\/posts\/48185","targetHints":{"allow":["GET"]}}],"collection":[{"href":"https:\/\/linitiative.ca\/International\/wp-json\/wp\/v2\/posts"}],"about":[{"href":"https:\/\/linitiative.ca\/International\/wp-json\/wp\/v2\/types\/post"}],"author":[{"embeddable":true,"href":"https:\/\/linitiative.ca\/International\/wp-json\/wp\/v2\/users\/1787"}],"replies":[{"embeddable":true,"href":"https:\/\/linitiative.ca\/International\/wp-json\/wp\/v2\/comments?post=48185"}],"version-history":[{"count":0,"href":"https:\/\/linitiative.ca\/International\/wp-json\/wp\/v2\/posts\/48185\/revisions"}],"wp:attachment":[{"href":"https:\/\/linitiative.ca\/International\/wp-json\/wp\/v2\/media?parent=48185"}],"wp:term":[{"taxonomy":"category","embeddable":true,"href":"https:\/\/linitiative.ca\/International\/wp-json\/wp\/v2\/categories?post=48185"},{"taxonomy":"post_tag","embeddable":true,"href":"https:\/\/linitiative.ca\/International\/wp-json\/wp\/v2\/tags?post=48185"}],"curies":[{"name":"wp","href":"https:\/\/api.w.org\/{rel}","templated":true}]}}