{"id":48188,"date":"2019-07-24T14:18:40","date_gmt":"2019-07-24T18:18:40","guid":{"rendered":"https:\/\/linitiative.ca\/International\/egypte-video-plusieurs-personnes-blessees-dans-une-fusillade-au-caire\/"},"modified":"2019-07-24T14:18:40","modified_gmt":"2019-07-24T18:18:40","slug":"egypte-video-plusieurs-personnes-blessees-dans-une-fusillade-au-caire","status":"publish","type":"post","link":"https:\/\/linitiative.ca\/International\/egypte-video-plusieurs-personnes-blessees-dans-une-fusillade-au-caire\/","title":{"rendered":"Egypte \u2013 VIDEO\u00a0: Plusieurs personnes bless\u00e9es dans une fusillade au Caire"},"content":{"rendered":"<div class=\"post-cont-in left relative\">\n<div class=\"swp_social_panel swp_horizontal_panel swp_flat_fresh swp_default_full_color swp_individual_full_color swp_other_full_color scale-100 scale-\" data-min-width=\"1100\" data-float-color=\"#ffffff\" data-float=\"none\" data-float-mobile=\"none\" data-transition=\"slide\">\n<div class=\"nc_tweetContainer swp_share_button total_shares total_sharesalt\"><span class=\"swp_count\">83 <span class=\"swp_label\">Partages<\/span><\/span><\/div>\n<\/div>\n<p>Un individu, apparemment souffrant de troubles psychiques, a arrach\u00e9, ce mercredi, au niveau su parking de la gare centrale, un fusil mitrailleurs des mains d\u2019un agent de l\u2019ordre, et s\u2019est mis \u00e0 tirer sur les passants, de fa\u00e7on al\u00e9atoire.<\/p>\n<p>Il a r\u00e9ussi \u00e0 blesser de nombreuses victimes avant d\u2019\u00eatre ma\u00eetris\u00e9 par la police.<\/p>\n<div class=\"code-block code-block-1 c3\"><ins class=\"adsbygoogle c2\" data-ad-layout=\"in-article\" data-ad-format=\"fluid\" data-ad-client=\"ca-pub-2102118777505746\" data-ad-slot=\"7301775417\"\/> <\/div>\n<div class=\"mvp-org-wrap mvp-org-logo\" itemprop=\"publisher\" itemscope=\"\" itemtype=\"https:\/\/schema.org\/Organization\"><img decoding=\"async\" src=\"https:\/\/www.tunisienumerique.com\/wp-content\/uploads\/2017\/02\/logo_tunisie_numerique.png\"\/><\/div>\n<div class=\"swp_social_panel swp_horizontal_panel swp_flat_fresh swp_default_full_color swp_individual_full_color swp_other_full_color scale-100 scale-\" data-min-width=\"1100\" data-float-color=\"#ffffff\" data-float=\"none\" data-float-mobile=\"none\" data-transition=\"slide\">\n<div class=\"nc_tweetContainer swp_share_button total_shares total_sharesalt\"><span class=\"swp_count\">83 <span class=\"swp_label\">Partages<\/span><\/span><\/div>\n<\/div>\n<div class=\"mvp-related-posts left relative\">\n<h4 class=\"post-header\"><span class=\"post-header\">Lire aussi<\/span><\/h4>\n<\/div>\n<\/div>\n<p>Auteur: LM<br \/>\n<a href=\"https:\/\/www.tunisienumerique.com\/egypte-video-plusieurs-personnes-blessees-dans-une-fusillade-au-caire\/\">Cliquez ici pour lire l&rsquo;article depuis sa source.<\/a><\/p>\n","protected":false},"excerpt":{"rendered":"<p>83 Partages Un individu, apparemment souffrant de troubles psychiques, a arrach\u00e9, ce mercredi, au niveau su parking de la gare centrale, un fusil mitrailleurs des mains d\u2019un agent de l\u2019ordre, et s\u2019est mis \u00e0 tirer sur les passants, de fa\u00e7on al\u00e9atoire. Il a r\u00e9ussi \u00e0 blesser de nombreuses victimes avant d\u2019\u00eatre ma\u00eetris\u00e9 par la police. [&hellip;]<\/p>\n","protected":false},"author":1789,"featured_media":48189,"comment_status":"closed","ping_status":"closed","sticky":false,"template":"","format":"standard","meta":{"fifu_image_url":"","fifu_image_alt":"","footnotes":""},"categories":[73,55],"tags":[],"class_list":["post-48188","post","type-post","status-publish","format-standard","has-post-thumbnail","hentry","category-actualite","category-tunisie"],"_links":{"self":[{"href":"https:\/\/linitiative.ca\/International\/wp-json\/wp\/v2\/posts\/48188","targetHints":{"allow":["GET"]}}],"collection":[{"href":"https:\/\/linitiative.ca\/International\/wp-json\/wp\/v2\/posts"}],"about":[{"href":"https:\/\/linitiative.ca\/International\/wp-json\/wp\/v2\/types\/post"}],"author":[{"embeddable":true,"href":"https:\/\/linitiative.ca\/International\/wp-json\/wp\/v2\/users\/1789"}],"replies":[{"embeddable":true,"href":"https:\/\/linitiative.ca\/International\/wp-json\/wp\/v2\/comments?post=48188"}],"version-history":[{"count":0,"href":"https:\/\/linitiative.ca\/International\/wp-json\/wp\/v2\/posts\/48188\/revisions"}],"wp:featuredmedia":[{"embeddable":true,"href":"https:\/\/linitiative.ca\/International\/wp-json\/"}],"wp:attachment":[{"href":"https:\/\/linitiative.ca\/International\/wp-json\/wp\/v2\/media?parent=48188"}],"wp:term":[{"taxonomy":"category","embeddable":true,"href":"https:\/\/linitiative.ca\/International\/wp-json\/wp\/v2\/categories?post=48188"},{"taxonomy":"post_tag","embeddable":true,"href":"https:\/\/linitiative.ca\/International\/wp-json\/wp\/v2\/tags?post=48188"}],"curies":[{"name":"wp","href":"https:\/\/api.w.org\/{rel}","templated":true}]}}