{"id":48190,"date":"2019-07-24T15:01:31","date_gmt":"2019-07-24T19:01:31","guid":{"rendered":"https:\/\/linitiative.ca\/International\/tunisie-audio-a-quoi-joue-fathi-laayouni-le-maire-du-kram\/"},"modified":"2019-07-24T15:01:31","modified_gmt":"2019-07-24T19:01:31","slug":"tunisie-audio-a-quoi-joue-fathi-laayouni-le-maire-du-kram","status":"publish","type":"post","link":"https:\/\/linitiative.ca\/International\/tunisie-audio-a-quoi-joue-fathi-laayouni-le-maire-du-kram\/","title":{"rendered":"Tunisie \u2013 AUDIO: A quoi joue Fathi La\u00e2youni, le maire du Kram\u00a0?"},"content":{"rendered":"<div class=\"post-cont-in left relative\">\n<div class=\"swp_social_panel swp_horizontal_panel swp_flat_fresh swp_default_full_color swp_individual_full_color swp_other_full_color scale-100 scale-\" data-min-width=\"1100\" data-float-color=\"#ffffff\" data-float=\"none\" data-float-mobile=\"none\" data-transition=\"slide\">\n<div class=\"nc_tweetContainer swp_share_button total_shares total_sharesalt\"><span class=\"swp_count\">17 <span class=\"swp_label\">Partages<\/span><\/span><\/div>\n<\/div>\n<p>Le maire du Kram, \u00e0 la banlieue nord de Tunis a annonc\u00e9 qu\u2019il a d\u00e9cid\u00e9 de rebaptiser le complexe sportif de la ville, au nom du pr\u00e9sident B\u00e9ji Ca\u00efed Essebsi, pr\u00e9textant qu\u2019il veut instaurer la tradition d\u2019honorer les personnalit\u00e9s publiques, de leur vivant, et que B\u00e9ji Ca\u00efed Essebsi a \u00e9t\u00e9 \u00e9lu maire de la ville, \u00e0 deux reprises.<\/p>\n<p>Le r\u00e9sultat, sans nul doute, celui qu\u2019il attendait, ne s\u2019est pas fait attendre, puisqu\u2019un grand nombre des citoyens et des composantes de la soci\u00e9t\u00e9 civile ont exprim\u00e9 leur m\u00e9contentement de cette d\u00e9cision, et ont promis d\u2019organiser des manifestations pour s\u2019y opposer.<\/p>\n<div class=\"code-block code-block-1 c3\"><ins class=\"adsbygoogle c2\" data-ad-layout=\"in-article\" data-ad-format=\"fluid\" data-ad-client=\"ca-pub-2102118777505746\" data-ad-slot=\"7301775417\"\/> <\/div>\n<p>Qui aurait cru que Fathi La\u00e2youni tenait, \u00e0 ce point, en estime, le pr\u00e9sident de la R\u00e9publique, ne se doutant, probablement, pas qu\u2019il risquait de d\u00e9clencher une grogne g\u00e9n\u00e9rale contre son nom\u00a0?<\/p>\n<p><a href=\"https:\/\/www.tunisienumerique.com\/wp-content\/uploads\/2019\/07\/Fathi-La%C3%A2youni.mp3\">https:\/\/www.tunisienumerique.com\/wp-content\/uploads\/2019\/07\/Fathi-La\u00e2youni.mp3<\/a><\/p>\n<div class=\"mvp-org-wrap mvp-org-logo\" itemprop=\"publisher\" itemscope=\"\" itemtype=\"https:\/\/schema.org\/Organization\"><img decoding=\"async\" src=\"https:\/\/www.tunisienumerique.com\/wp-content\/uploads\/2017\/02\/logo_tunisie_numerique.png\"\/><\/div>\n<div class=\"swp_social_panel swp_horizontal_panel swp_flat_fresh swp_default_full_color swp_individual_full_color swp_other_full_color scale-100 scale-\" data-min-width=\"1100\" data-float-color=\"#ffffff\" data-float=\"none\" data-float-mobile=\"none\" data-transition=\"slide\">\n<div class=\"nc_tweetContainer swp_share_button total_shares total_sharesalt\"><span class=\"swp_count\">17 <span class=\"swp_label\">Partages<\/span><\/span><\/div>\n<\/div>\n<div class=\"mvp-related-posts left relative\">\n<h4 class=\"post-header\"><span class=\"post-header\">Lire aussi<\/span><\/h4>\n<\/div>\n<\/div>\n<p>Auteur: LM<br \/>\n<a href=\"https:\/\/www.tunisienumerique.com\/tunisie-audio-a-quoi-joue-fathi-laayouni-le-maire-du-kram\/\">Cliquez ici pour lire l&rsquo;article depuis sa source.<\/a><\/p>\n","protected":false},"excerpt":{"rendered":"<p>17 Partages Le maire du Kram, \u00e0 la banlieue nord de Tunis a annonc\u00e9 qu\u2019il a d\u00e9cid\u00e9 de rebaptiser le complexe sportif de la ville, au nom du pr\u00e9sident B\u00e9ji Ca\u00efed Essebsi, pr\u00e9textant qu\u2019il veut instaurer la tradition d\u2019honorer les personnalit\u00e9s publiques, de leur vivant, et que B\u00e9ji Ca\u00efed Essebsi a \u00e9t\u00e9 \u00e9lu maire de [&hellip;]<\/p>\n","protected":false},"author":1789,"featured_media":48191,"comment_status":"closed","ping_status":"closed","sticky":false,"template":"","format":"standard","meta":{"fifu_image_url":"","fifu_image_alt":"","footnotes":""},"categories":[73,55],"tags":[],"class_list":["post-48190","post","type-post","status-publish","format-standard","has-post-thumbnail","hentry","category-actualite","category-tunisie"],"_links":{"self":[{"href":"https:\/\/linitiative.ca\/International\/wp-json\/wp\/v2\/posts\/48190","targetHints":{"allow":["GET"]}}],"collection":[{"href":"https:\/\/linitiative.ca\/International\/wp-json\/wp\/v2\/posts"}],"about":[{"href":"https:\/\/linitiative.ca\/International\/wp-json\/wp\/v2\/types\/post"}],"author":[{"embeddable":true,"href":"https:\/\/linitiative.ca\/International\/wp-json\/wp\/v2\/users\/1789"}],"replies":[{"embeddable":true,"href":"https:\/\/linitiative.ca\/International\/wp-json\/wp\/v2\/comments?post=48190"}],"version-history":[{"count":0,"href":"https:\/\/linitiative.ca\/International\/wp-json\/wp\/v2\/posts\/48190\/revisions"}],"wp:featuredmedia":[{"embeddable":true,"href":"https:\/\/linitiative.ca\/International\/wp-json\/"}],"wp:attachment":[{"href":"https:\/\/linitiative.ca\/International\/wp-json\/wp\/v2\/media?parent=48190"}],"wp:term":[{"taxonomy":"category","embeddable":true,"href":"https:\/\/linitiative.ca\/International\/wp-json\/wp\/v2\/categories?post=48190"},{"taxonomy":"post_tag","embeddable":true,"href":"https:\/\/linitiative.ca\/International\/wp-json\/wp\/v2\/tags?post=48190"}],"curies":[{"name":"wp","href":"https:\/\/api.w.org\/{rel}","templated":true}]}}