{"id":48192,"date":"2019-07-24T15:08:25","date_gmt":"2019-07-24T19:08:25","guid":{"rendered":"https:\/\/linitiative.ca\/International\/tunisie-mouvement-partiel-dans-le-corps-des-gouverneurs\/"},"modified":"2019-07-24T15:08:25","modified_gmt":"2019-07-24T19:08:25","slug":"tunisie-mouvement-partiel-dans-le-corps-des-gouverneurs","status":"publish","type":"post","link":"https:\/\/linitiative.ca\/International\/tunisie-mouvement-partiel-dans-le-corps-des-gouverneurs\/","title":{"rendered":"Tunisie \u2013 Mouvement partiel dans le corps des gouverneurs"},"content":{"rendered":"<div class=\"post-cont-in left relative\">\n<div class=\"swp_social_panel swp_horizontal_panel swp_flat_fresh swp_default_full_color swp_individual_full_color swp_other_full_color scale-100 scale-\" data-min-width=\"1100\" data-float-color=\"#ffffff\" data-float=\"none\" data-float-mobile=\"none\" data-transition=\"slide\">\n<div class=\"nc_tweetContainer swp_share_button total_shares total_sharesalt\"><span class=\"swp_count\">4 <span class=\"swp_label\">Partages<\/span><\/span><\/div>\n<\/div>\n<p>Le chef du gouvernement vient d\u2019ordonner un mouvement partiel dans le corps des gouverneurs. Ainsi, ont \u00e9t\u00e9 nomm\u00e9s\u00a0:<\/p>\n<p>Raja Trabelsi, gouverneur de La Manouba<\/p>\n<div class=\"code-block code-block-1 c3\"><ins class=\"adsbygoogle c2\" data-ad-layout=\"in-article\" data-ad-format=\"fluid\" data-ad-client=\"ca-pub-2102118777505746\" data-ad-slot=\"7301775417\"\/> <\/div>\n<p>Mohamed Samcha, gouverneur de Kasserine<\/p>\n<p>Abdelfattah Chakchouk, gouverneur de Mahdia<\/p>\n<p>Mohamed Bourguiba, gouverneur de Kairouan<\/p>\n<div class=\"mvp-org-wrap mvp-org-logo\" itemprop=\"publisher\" itemscope=\"\" itemtype=\"https:\/\/schema.org\/Organization\"><img decoding=\"async\" src=\"https:\/\/www.tunisienumerique.com\/wp-content\/uploads\/2017\/02\/logo_tunisie_numerique.png\"\/><\/div>\n<div class=\"swp_social_panel swp_horizontal_panel swp_flat_fresh swp_default_full_color swp_individual_full_color swp_other_full_color scale-100 scale-\" data-min-width=\"1100\" data-float-color=\"#ffffff\" data-float=\"none\" data-float-mobile=\"none\" data-transition=\"slide\">\n<div class=\"nc_tweetContainer swp_share_button total_shares total_sharesalt\"><span class=\"swp_count\">4 <span class=\"swp_label\">Partages<\/span><\/span><\/div>\n<\/div>\n<div class=\"mvp-related-posts left relative\">\n<h4 class=\"post-header\"><span class=\"post-header\">Lire aussi<\/span><\/h4>\n<\/div>\n<\/div>\n<p>Auteur: LM<br \/>\n<a href=\"https:\/\/www.tunisienumerique.com\/tunisie-mouvement-partiel-dans-le-corps-des-gouverneurs-2\/\">Cliquez ici pour lire l&rsquo;article depuis sa source.<\/a><\/p>\n","protected":false},"excerpt":{"rendered":"<p>4 Partages Le chef du gouvernement vient d\u2019ordonner un mouvement partiel dans le corps des gouverneurs. Ainsi, ont \u00e9t\u00e9 nomm\u00e9s\u00a0: Raja Trabelsi, gouverneur de La Manouba Mohamed Samcha, gouverneur de Kasserine Abdelfattah Chakchouk, gouverneur de Mahdia Mohamed Bourguiba, gouverneur de Kairouan 4 Partages Lire aussi Auteur: LM Cliquez ici pour lire l&rsquo;article depuis sa source.<\/p>\n","protected":false},"author":1789,"featured_media":48193,"comment_status":"closed","ping_status":"closed","sticky":false,"template":"","format":"standard","meta":{"fifu_image_url":"","fifu_image_alt":"","footnotes":""},"categories":[73,55],"tags":[],"class_list":["post-48192","post","type-post","status-publish","format-standard","has-post-thumbnail","hentry","category-actualite","category-tunisie"],"_links":{"self":[{"href":"https:\/\/linitiative.ca\/International\/wp-json\/wp\/v2\/posts\/48192","targetHints":{"allow":["GET"]}}],"collection":[{"href":"https:\/\/linitiative.ca\/International\/wp-json\/wp\/v2\/posts"}],"about":[{"href":"https:\/\/linitiative.ca\/International\/wp-json\/wp\/v2\/types\/post"}],"author":[{"embeddable":true,"href":"https:\/\/linitiative.ca\/International\/wp-json\/wp\/v2\/users\/1789"}],"replies":[{"embeddable":true,"href":"https:\/\/linitiative.ca\/International\/wp-json\/wp\/v2\/comments?post=48192"}],"version-history":[{"count":0,"href":"https:\/\/linitiative.ca\/International\/wp-json\/wp\/v2\/posts\/48192\/revisions"}],"wp:featuredmedia":[{"embeddable":true,"href":"https:\/\/linitiative.ca\/International\/wp-json\/"}],"wp:attachment":[{"href":"https:\/\/linitiative.ca\/International\/wp-json\/wp\/v2\/media?parent=48192"}],"wp:term":[{"taxonomy":"category","embeddable":true,"href":"https:\/\/linitiative.ca\/International\/wp-json\/wp\/v2\/categories?post=48192"},{"taxonomy":"post_tag","embeddable":true,"href":"https:\/\/linitiative.ca\/International\/wp-json\/wp\/v2\/tags?post=48192"}],"curies":[{"name":"wp","href":"https:\/\/api.w.org\/{rel}","templated":true}]}}