{"id":48194,"date":"2019-07-24T15:18:33","date_gmt":"2019-07-24T19:18:33","guid":{"rendered":"https:\/\/linitiative.ca\/International\/tunisie-ennahdha-demission-de-tous-les-membres-du-bureau-regional-de-kairouan\/"},"modified":"2019-07-24T15:18:33","modified_gmt":"2019-07-24T19:18:33","slug":"tunisie-ennahdha-demission-de-tous-les-membres-du-bureau-regional-de-kairouan","status":"publish","type":"post","link":"https:\/\/linitiative.ca\/International\/tunisie-ennahdha-demission-de-tous-les-membres-du-bureau-regional-de-kairouan\/","title":{"rendered":"Tunisie \u2013 Ennahdha\u00a0: D\u00e9mission de tous les membres du bureau r\u00e9gional de Kairouan"},"content":{"rendered":"<div class=\"post-cont-in left relative\">\n<div class=\"swp_social_panel swp_horizontal_panel swp_flat_fresh swp_default_full_color swp_individual_full_color swp_other_full_color scale-100 scale-\" data-min-width=\"1100\" data-float-color=\"#ffffff\" data-float=\"none\" data-float-mobile=\"none\" data-transition=\"slide\">\n<div class=\"nc_tweetContainer swp_share_button total_shares total_sharesalt\"><span class=\"swp_count\">274 <span class=\"swp_label\">Partages<\/span><\/span><\/div>\n<\/div>\n<p>Les membres du bureau r\u00e9gional d\u2019Ennahdha ont annonc\u00e9, ce mercredi, leur d\u00e9mission collective. D\u00e9mission qui a \u00e9t\u00e9 accept\u00e9e par le bureau ex\u00e9cutif du parti.<\/p>\n<p>Cette d\u00e9mission est venue en protestation contre les changements op\u00e9r\u00e9s, par le bureau ex\u00e9cutif du parti, sur la liste \u00e9lectorale de la r\u00e9gion qui avait \u00e9t\u00e9 \u00e9lue de fa\u00e7on d\u00e9mocratique, et, surtout, contre la d\u00e9signation d\u2019Essa\u00efed Ferjani \u00e0 sa t\u00eate, de m\u00eame que pour Farida La\u00e2bidi.<\/p>\n<div class=\"code-block code-block-1 c3\"><ins class=\"adsbygoogle c2\" data-ad-layout=\"in-article\" data-ad-format=\"fluid\" data-ad-client=\"ca-pub-2102118777505746\" data-ad-slot=\"7301775417\"\/> <\/div>\n<p>Les d\u00e9missionnaires estiment que ces d\u00e9signations ont \u00e9t\u00e9 faites contre la volont\u00e9 des militants de la r\u00e9gion, et les ont qualifi\u00e9es d\u2019ordres donn\u00e9s d\u2019en haut, ajoutant que les personnes choisies ne sauront pas r\u00e9pondre aux besoins de la r\u00e9gion.<\/p>\n<div class=\"mvp-org-wrap mvp-org-logo\" itemprop=\"publisher\" itemscope=\"\" itemtype=\"https:\/\/schema.org\/Organization\"><img decoding=\"async\" src=\"https:\/\/www.tunisienumerique.com\/wp-content\/uploads\/2017\/02\/logo_tunisie_numerique.png\"\/><\/div>\n<div class=\"swp_social_panel swp_horizontal_panel swp_flat_fresh swp_default_full_color swp_individual_full_color swp_other_full_color scale-100 scale-\" data-min-width=\"1100\" data-float-color=\"#ffffff\" data-float=\"none\" data-float-mobile=\"none\" data-transition=\"slide\">\n<div class=\"nc_tweetContainer swp_share_button total_shares total_sharesalt\"><span class=\"swp_count\">274 <span class=\"swp_label\">Partages<\/span><\/span><\/div>\n<\/div>\n<div class=\"mvp-related-posts left relative\">\n<h4 class=\"post-header\"><span class=\"post-header\">Lire aussi<\/span><\/h4>\n<\/div>\n<\/div>\n<p>Auteur: LM<br \/>\n<a href=\"https:\/\/www.tunisienumerique.com\/tunisie-ennahdha-demission-de-tous-les-membres-du-bureau-regional-de-kairouan\/\">Cliquez ici pour lire l&rsquo;article depuis sa source.<\/a><\/p>\n","protected":false},"excerpt":{"rendered":"<p>274 Partages Les membres du bureau r\u00e9gional d\u2019Ennahdha ont annonc\u00e9, ce mercredi, leur d\u00e9mission collective. D\u00e9mission qui a \u00e9t\u00e9 accept\u00e9e par le bureau ex\u00e9cutif du parti. Cette d\u00e9mission est venue en protestation contre les changements op\u00e9r\u00e9s, par le bureau ex\u00e9cutif du parti, sur la liste \u00e9lectorale de la r\u00e9gion qui avait \u00e9t\u00e9 \u00e9lue de fa\u00e7on [&hellip;]<\/p>\n","protected":false},"author":1789,"featured_media":48195,"comment_status":"closed","ping_status":"closed","sticky":false,"template":"","format":"standard","meta":{"fifu_image_url":"","fifu_image_alt":"","footnotes":""},"categories":[73,55],"tags":[],"class_list":["post-48194","post","type-post","status-publish","format-standard","has-post-thumbnail","hentry","category-actualite","category-tunisie"],"_links":{"self":[{"href":"https:\/\/linitiative.ca\/International\/wp-json\/wp\/v2\/posts\/48194","targetHints":{"allow":["GET"]}}],"collection":[{"href":"https:\/\/linitiative.ca\/International\/wp-json\/wp\/v2\/posts"}],"about":[{"href":"https:\/\/linitiative.ca\/International\/wp-json\/wp\/v2\/types\/post"}],"author":[{"embeddable":true,"href":"https:\/\/linitiative.ca\/International\/wp-json\/wp\/v2\/users\/1789"}],"replies":[{"embeddable":true,"href":"https:\/\/linitiative.ca\/International\/wp-json\/wp\/v2\/comments?post=48194"}],"version-history":[{"count":0,"href":"https:\/\/linitiative.ca\/International\/wp-json\/wp\/v2\/posts\/48194\/revisions"}],"wp:featuredmedia":[{"embeddable":true,"href":"https:\/\/linitiative.ca\/International\/wp-json\/"}],"wp:attachment":[{"href":"https:\/\/linitiative.ca\/International\/wp-json\/wp\/v2\/media?parent=48194"}],"wp:term":[{"taxonomy":"category","embeddable":true,"href":"https:\/\/linitiative.ca\/International\/wp-json\/wp\/v2\/categories?post=48194"},{"taxonomy":"post_tag","embeddable":true,"href":"https:\/\/linitiative.ca\/International\/wp-json\/wp\/v2\/tags?post=48194"}],"curies":[{"name":"wp","href":"https:\/\/api.w.org\/{rel}","templated":true}]}}