{"id":48196,"date":"2019-07-24T15:29:29","date_gmt":"2019-07-24T19:29:29","guid":{"rendered":"https:\/\/linitiative.ca\/International\/tunisie-ennahdha-demission-de-la-deputee-olfa-jouini-du-parti-et-de-toutes-ses-instances\/"},"modified":"2019-07-24T15:29:29","modified_gmt":"2019-07-24T19:29:29","slug":"tunisie-ennahdha-demission-de-la-deputee-olfa-jouini-du-parti-et-de-toutes-ses-instances","status":"publish","type":"post","link":"https:\/\/linitiative.ca\/International\/tunisie-ennahdha-demission-de-la-deputee-olfa-jouini-du-parti-et-de-toutes-ses-instances\/","title":{"rendered":"Tunisie \u2013 Ennahdha\u00a0: D\u00e9mission de la d\u00e9put\u00e9e Olfa Jouini du parti, et de toutes ses instances"},"content":{"rendered":"<div class=\"post-cont-in left relative\">\n<div class=\"swp_social_panel swp_horizontal_panel swp_flat_fresh swp_default_full_color swp_individual_full_color swp_other_full_color scale-100 scale-\" data-min-width=\"1100\" data-float-color=\"#ffffff\" data-float=\"none\" data-float-mobile=\"none\" data-transition=\"slide\">\n<div class=\"nc_tweetContainer swp_share_button total_shares total_sharesalt\"><span class=\"swp_count\">157 <span class=\"swp_label\">Partages<\/span><\/span><\/div>\n<\/div>\n<p>La d\u00e9put\u00e9e du bloc d\u2019Ennahdha \u00e0 l\u2019ARP, Olfa Jouini, a annonc\u00e9, ce jour sa d\u00e9mission du bloc, et du parti et de toutes ses instances.<\/p>\n<p>La d\u00e9put\u00e9e d\u00e9missionnaire n\u2019a pas r\u00e9v\u00e9l\u00e9 les causes de son retrait, mais de sources proches, on apprend que \u00e7\u00e0 aurait un lien avec le composition des listes \u00e9lectorales du parti, pour les prochaines l\u00e9gislatives.<\/p>\n<div class=\"code-block code-block-1 c3\"><ins class=\"adsbygoogle c2\" data-ad-layout=\"in-article\" data-ad-format=\"fluid\" data-ad-client=\"ca-pub-2102118777505746\" data-ad-slot=\"7301775417\"\/> <\/div>\n<div class=\"mvp-org-wrap mvp-org-logo\" itemprop=\"publisher\" itemscope=\"\" itemtype=\"https:\/\/schema.org\/Organization\"><img decoding=\"async\" src=\"https:\/\/www.tunisienumerique.com\/wp-content\/uploads\/2017\/02\/logo_tunisie_numerique.png\"\/><\/div>\n<div class=\"swp_social_panel swp_horizontal_panel swp_flat_fresh swp_default_full_color swp_individual_full_color swp_other_full_color scale-100 scale-\" data-min-width=\"1100\" data-float-color=\"#ffffff\" data-float=\"none\" data-float-mobile=\"none\" data-transition=\"slide\">\n<div class=\"nc_tweetContainer swp_share_button total_shares total_sharesalt\"><span class=\"swp_count\">157 <span class=\"swp_label\">Partages<\/span><\/span><\/div>\n<\/div>\n<div class=\"mvp-related-posts left relative\">\n<h4 class=\"post-header\"><span class=\"post-header\">Lire aussi<\/span><\/h4>\n<\/div>\n<\/div>\n<p>Auteur: LM<br \/>\n<a href=\"https:\/\/www.tunisienumerique.com\/tunisie-ennahdha-demission-de-la-deputee-olfa-jouini-du-parti-et-de-toutes-ses-instances\/\">Cliquez ici pour lire l&rsquo;article depuis sa source.<\/a><\/p>\n","protected":false},"excerpt":{"rendered":"<p>157 Partages La d\u00e9put\u00e9e du bloc d\u2019Ennahdha \u00e0 l\u2019ARP, Olfa Jouini, a annonc\u00e9, ce jour sa d\u00e9mission du bloc, et du parti et de toutes ses instances. La d\u00e9put\u00e9e d\u00e9missionnaire n\u2019a pas r\u00e9v\u00e9l\u00e9 les causes de son retrait, mais de sources proches, on apprend que \u00e7\u00e0 aurait un lien avec le composition des listes \u00e9lectorales [&hellip;]<\/p>\n","protected":false},"author":1789,"featured_media":48197,"comment_status":"closed","ping_status":"closed","sticky":false,"template":"","format":"standard","meta":{"fifu_image_url":"","fifu_image_alt":"","footnotes":""},"categories":[73,55],"tags":[],"class_list":["post-48196","post","type-post","status-publish","format-standard","has-post-thumbnail","hentry","category-actualite","category-tunisie"],"_links":{"self":[{"href":"https:\/\/linitiative.ca\/International\/wp-json\/wp\/v2\/posts\/48196","targetHints":{"allow":["GET"]}}],"collection":[{"href":"https:\/\/linitiative.ca\/International\/wp-json\/wp\/v2\/posts"}],"about":[{"href":"https:\/\/linitiative.ca\/International\/wp-json\/wp\/v2\/types\/post"}],"author":[{"embeddable":true,"href":"https:\/\/linitiative.ca\/International\/wp-json\/wp\/v2\/users\/1789"}],"replies":[{"embeddable":true,"href":"https:\/\/linitiative.ca\/International\/wp-json\/wp\/v2\/comments?post=48196"}],"version-history":[{"count":0,"href":"https:\/\/linitiative.ca\/International\/wp-json\/wp\/v2\/posts\/48196\/revisions"}],"wp:featuredmedia":[{"embeddable":true,"href":"https:\/\/linitiative.ca\/International\/wp-json\/"}],"wp:attachment":[{"href":"https:\/\/linitiative.ca\/International\/wp-json\/wp\/v2\/media?parent=48196"}],"wp:term":[{"taxonomy":"category","embeddable":true,"href":"https:\/\/linitiative.ca\/International\/wp-json\/wp\/v2\/categories?post=48196"},{"taxonomy":"post_tag","embeddable":true,"href":"https:\/\/linitiative.ca\/International\/wp-json\/wp\/v2\/tags?post=48196"}],"curies":[{"name":"wp","href":"https:\/\/api.w.org\/{rel}","templated":true}]}}