{"id":48200,"date":"2019-07-24T15:49:41","date_gmt":"2019-07-24T19:49:41","guid":{"rendered":"https:\/\/linitiative.ca\/International\/tunisie-enfidha-decouverte-dun-cadavre-decompose-dans-la-foret-de-chgarniya\/"},"modified":"2019-07-24T15:49:41","modified_gmt":"2019-07-24T19:49:41","slug":"tunisie-enfidha-decouverte-dun-cadavre-decompose-dans-la-foret-de-chgarniya","status":"publish","type":"post","link":"https:\/\/linitiative.ca\/International\/tunisie-enfidha-decouverte-dun-cadavre-decompose-dans-la-foret-de-chgarniya\/","title":{"rendered":"Tunisie \u2013 Enfidha\u00a0: D\u00e9couverte d\u2019un cadavre d\u00e9compos\u00e9 dans la for\u00eat de Chgarniya"},"content":{"rendered":"<div class=\"post-cont-in left relative\">\n<div class=\"swp_social_panel swp_horizontal_panel swp_flat_fresh swp_default_full_color swp_individual_full_color swp_other_full_color scale-100 scale-\" data-min-width=\"1100\" data-float-color=\"#ffffff\" data-float=\"none\" data-float-mobile=\"none\" data-transition=\"slide\">\n<div class=\"nc_tweetContainer swp_share_button total_shares total_sharesalt\"><span class=\"swp_count\">5 <span class=\"swp_label\">Partages<\/span><\/span><\/div>\n<\/div>\n<p>Le cadavre d\u2019un jeune homme, originaire de Bizerte, port\u00e9 disparu depuis deux semaines, a \u00e9t\u00e9 retrouv\u00e9, ce mercredi matin, dans la for\u00eat de Chgarniya, voisine d\u2019Enfidha.<\/p>\n<p>Le cadavre \u00e9tait pendu \u00e0 un arbre et en \u00e9tat de d\u00e9composition avanc\u00e9e.<\/p>\n<div class=\"code-block code-block-1 c3\"><ins class=\"adsbygoogle c2\" data-ad-layout=\"in-article\" data-ad-format=\"fluid\" data-ad-client=\"ca-pub-2102118777505746\" data-ad-slot=\"7301775417\"\/> <\/div>\n<div class=\"mvp-org-wrap mvp-org-logo\" itemprop=\"publisher\" itemscope=\"\" itemtype=\"https:\/\/schema.org\/Organization\"><img decoding=\"async\" src=\"https:\/\/www.tunisienumerique.com\/wp-content\/uploads\/2017\/02\/logo_tunisie_numerique.png\"\/><\/div>\n<div class=\"swp_social_panel swp_horizontal_panel swp_flat_fresh swp_default_full_color swp_individual_full_color swp_other_full_color scale-100 scale-\" data-min-width=\"1100\" data-float-color=\"#ffffff\" data-float=\"none\" data-float-mobile=\"none\" data-transition=\"slide\">\n<div class=\"nc_tweetContainer swp_share_button total_shares total_sharesalt\"><span class=\"swp_count\">5 <span class=\"swp_label\">Partages<\/span><\/span><\/div>\n<\/div>\n<div class=\"mvp-related-posts left relative\">\n<h4 class=\"post-header\"><span class=\"post-header\">Lire aussi<\/span><\/h4>\n<\/div>\n<\/div>\n<p>Auteur: LM<br \/>\n<a href=\"https:\/\/www.tunisienumerique.com\/tunisie-enfidha-decouverte-dun-cadavre-decompose-dans-la-foret-de-chgarniya\/\">Cliquez ici pour lire l&rsquo;article depuis sa source.<\/a><\/p>\n","protected":false},"excerpt":{"rendered":"<p>5 Partages Le cadavre d\u2019un jeune homme, originaire de Bizerte, port\u00e9 disparu depuis deux semaines, a \u00e9t\u00e9 retrouv\u00e9, ce mercredi matin, dans la for\u00eat de Chgarniya, voisine d\u2019Enfidha. Le cadavre \u00e9tait pendu \u00e0 un arbre et en \u00e9tat de d\u00e9composition avanc\u00e9e. 5 Partages Lire aussi Auteur: LM Cliquez ici pour lire l&rsquo;article depuis sa source.<\/p>\n","protected":false},"author":1789,"featured_media":48201,"comment_status":"closed","ping_status":"closed","sticky":false,"template":"","format":"standard","meta":{"fifu_image_url":"","fifu_image_alt":"","footnotes":""},"categories":[73,55],"tags":[],"class_list":["post-48200","post","type-post","status-publish","format-standard","has-post-thumbnail","hentry","category-actualite","category-tunisie"],"_links":{"self":[{"href":"https:\/\/linitiative.ca\/International\/wp-json\/wp\/v2\/posts\/48200","targetHints":{"allow":["GET"]}}],"collection":[{"href":"https:\/\/linitiative.ca\/International\/wp-json\/wp\/v2\/posts"}],"about":[{"href":"https:\/\/linitiative.ca\/International\/wp-json\/wp\/v2\/types\/post"}],"author":[{"embeddable":true,"href":"https:\/\/linitiative.ca\/International\/wp-json\/wp\/v2\/users\/1789"}],"replies":[{"embeddable":true,"href":"https:\/\/linitiative.ca\/International\/wp-json\/wp\/v2\/comments?post=48200"}],"version-history":[{"count":0,"href":"https:\/\/linitiative.ca\/International\/wp-json\/wp\/v2\/posts\/48200\/revisions"}],"wp:featuredmedia":[{"embeddable":true,"href":"https:\/\/linitiative.ca\/International\/wp-json\/"}],"wp:attachment":[{"href":"https:\/\/linitiative.ca\/International\/wp-json\/wp\/v2\/media?parent=48200"}],"wp:term":[{"taxonomy":"category","embeddable":true,"href":"https:\/\/linitiative.ca\/International\/wp-json\/wp\/v2\/categories?post=48200"},{"taxonomy":"post_tag","embeddable":true,"href":"https:\/\/linitiative.ca\/International\/wp-json\/wp\/v2\/tags?post=48200"}],"curies":[{"name":"wp","href":"https:\/\/api.w.org\/{rel}","templated":true}]}}