{"id":48206,"date":"2019-07-24T04:09:54","date_gmt":"2019-07-24T08:09:54","guid":{"rendered":"https:\/\/linitiative.ca\/International\/paludisme-saisonnier-la-campagne-de-prevention-chez-les-moins-de-5-ans-lancee\/"},"modified":"2019-07-24T04:09:54","modified_gmt":"2019-07-24T08:09:54","slug":"paludisme-saisonnier-la-campagne-de-prevention-chez-les-moins-de-5-ans-lancee","status":"publish","type":"post","link":"https:\/\/linitiative.ca\/International\/paludisme-saisonnier-la-campagne-de-prevention-chez-les-moins-de-5-ans-lancee\/","title":{"rendered":"Paludisme saisonnier : La campagne de pr\u00e9vention chez les moins de 5 ans lanc\u00e9e"},"content":{"rendered":"<div class=\"td-post-featured-image\" readability=\"35\"><a href=\"https:\/\/i0.wp.com\/www.sidwaya.info\/wp-content\/uploads\/2019\/07\/paludisme.gif?fit=700%2C568&#038;ssl=1\" data-caption=\"Pour le SG du minist\u00e8re de la Sant\u00e9, Dr Wilfrid Ou\u00e9draogo, le lancement de la CPS 2019 \u00e0 l\u2019\u00e9chelle nationale t\u00e9moigne de l\u2019engagement du gouvernement dans la lutte contre le paludisme.\"><img loading=\"lazy\" decoding=\"async\" width=\"696\" height=\"565\" class=\"entry-thumb td-modal-image\" src=\"https:\/\/i0.wp.com\/www.sidwaya.info\/wp-content\/uploads\/2019\/07\/paludisme.gif?resize=696%2C565&#038;ssl=1\" alt=\"\" title=\"paludisme\"\/><\/a>Pour le SG du minist\u00e8re de la Sant\u00e9, Dr Wilfrid Ou\u00e9draogo, le lancement de la CPS 2019 \u00e0 l\u2019\u00e9chelle nationale t\u00e9moigne de l\u2019engagement du gouvernement dans la lutte contre le paludisme.<\/div>\n<p><strong>Le minist\u00e8re de la Sant\u00e9 a officiellement lanc\u00e9 la campagne 2019 de chimio-pr\u00e9vention du paludisme saisonnier chez les enfants de 3 \u00e0 59 mois, le lundi 22 juillet 2019 \u00e0 Koubri.<\/strong><\/p>\n<p>Apr\u00e8s la distribution gratuite de Moustiquaires impr\u00e9gn\u00e9es d\u2019insecticide \u00e0 longue dur\u00e9e d\u2019action (MILDA) en d\u00e9but du mois de juillet, les autorit\u00e9s ne cessent de multiplier les actions pour r\u00e9duire drastiquement les cas de paludisme en cette saison de pluie.<\/p>\n<p>En effet, le minist\u00e8re de la Sant\u00e9 a lanc\u00e9, le lundi 22 juillet 2019 \u00e0 Koubri, la campagne 2019 de Chimio-pr\u00e9vention du paludisme saisonnier (CPS) chez les enfants \u00e2g\u00e9s de 3 \u00e0 59 mois. \u00abLa CPS est une strat\u00e9gie de pr\u00e9vention du paludisme recommand\u00e9e par l\u2019OMS depuis 2012 et vise \u00e0 r\u00e9duire le fardeau du paludisme chez les enfants de moins de 5 ans pendant la saison des pluies \u00bb, a affirm\u00e9 le Secr\u00e9taire g\u00e9n\u00e9ral du minist\u00e8re de la Sant\u00e9, Dr Wilfrid Ou\u00e9draogo.<\/p>\n<p>Ainsi, a-t-il dit, cette CPS va consister en l\u2019administration supervis\u00e9e d\u2019une dose de deux anti-palus aux enfants de cette tranche d\u2019\u00e2ge le premier jour et \u00e0 la remise de comprim\u00e9s aux parents pour la suite du traitement au deuxi\u00e8me et au troisi\u00e8me jour. \u00abLe produit vise, d\u2019une part, \u00e0 d\u00e9truire les parasites du palu d\u00e9j\u00e0 existant dans le corps s\u2019il en a, et, d\u2019autre part, \u00e0 neutraliser les parasites en cas de nouvelles piqures de moustiques\u00bb, a expliqu\u00e9 Dr Ou\u00e9draogo.<\/p>\n<p>La campagne durera quatre jours par mois et, ce, pendant les mois de juillet, ao\u00fbt, septembre et octobre de l\u2019ann\u00e9e 2019. La strat\u00e9gie fixe au niveau des centres de sant\u00e9 et celle du porte-\u00e0-porte, selon le SG, permettront d\u2019administrer les m\u00e9dicaments \u00e0 environ 4 millions d\u2019enfants sur l\u2019ensemble du territoire. \u00abL\u2019optique est d\u2019assurer aux enfants qui repr\u00e9sentent la couche la plus vuln\u00e9rable face au paludisme, une protection suppl\u00e9mentaire pendant cette p\u00e9riode de haute transmission\u00bb, a-t-il soutenu.<\/p>\n<p>Pour le succ\u00e8s de la pr\u00e9sente campagne, M. Ou\u00e9draogo a exhort\u00e9 les acteurs \u00e0 s\u2019investir pleinement dans la sensibilisation des parents et des personnes en charge des enfants afin qu\u2019ils adh\u00e8rent et respectent les diff\u00e9rentes \u00e9tapes. Aussi, pour une protection efficace des tout-petits du fl\u00e9au, il a invit\u00e9 les parents \u00e0 accepter l\u2019administration des produits \u00e0 leurs enfants, \u00e0 respecter les doses des deux jours suivants et surtout les faire dormir toutes les nuits sous des moustiquaires impr\u00e9gn\u00e9es.<\/p>\n<p class=\"c1\"><strong>Kadi RABO<\/strong><\/p>\n<div class=\"td-a-rec td-a-rec-id-content_bottom td_uid_30_5d38d12563ebd_rand td_block_template_1\"><img loading=\"lazy\" decoding=\"async\" class=\"aligncenter size-full wp-image-9623\" src=\"https:\/\/www.sidwaya.info\/wp-content\/uploads\/2019\/06\/Projet-bannie%CC%80re-Orange-mobile.jpg\" alt=\"\" width=\"728\" height=\"81\"\/><\/div>\n<p>Auteur: JK. Sidwaya<br \/>\n<a href=\"https:\/\/www.sidwaya.info\/blog\/2019\/07\/24\/paludisme-saisonnier-la-campagne-de-prevention-chez-les-moins-de-5-ans-lancee\/\">Cliquez ici pour lire l&rsquo;article depuis sa source.<\/a><\/p>\n","protected":false},"excerpt":{"rendered":"<p>Pour le SG du minist\u00e8re de la Sant\u00e9, Dr Wilfrid Ou\u00e9draogo, le lancement de la CPS 2019 \u00e0 l\u2019\u00e9chelle nationale t\u00e9moigne de l\u2019engagement du gouvernement dans la lutte contre le paludisme. Le minist\u00e8re de la Sant\u00e9 a officiellement lanc\u00e9 la campagne 2019 de chimio-pr\u00e9vention du paludisme saisonnier chez les enfants de 3 \u00e0 59 mois, [&hellip;]<\/p>\n","protected":false},"author":1816,"featured_media":0,"comment_status":"closed","ping_status":"closed","sticky":false,"template":"","format":"standard","meta":{"fifu_image_url":"","fifu_image_alt":"","footnotes":""},"categories":[73,81],"tags":[],"class_list":["post-48206","post","type-post","status-publish","format-standard","hentry","category-actualite","category-burkina-faso"],"_links":{"self":[{"href":"https:\/\/linitiative.ca\/International\/wp-json\/wp\/v2\/posts\/48206","targetHints":{"allow":["GET"]}}],"collection":[{"href":"https:\/\/linitiative.ca\/International\/wp-json\/wp\/v2\/posts"}],"about":[{"href":"https:\/\/linitiative.ca\/International\/wp-json\/wp\/v2\/types\/post"}],"author":[{"embeddable":true,"href":"https:\/\/linitiative.ca\/International\/wp-json\/wp\/v2\/users\/1816"}],"replies":[{"embeddable":true,"href":"https:\/\/linitiative.ca\/International\/wp-json\/wp\/v2\/comments?post=48206"}],"version-history":[{"count":0,"href":"https:\/\/linitiative.ca\/International\/wp-json\/wp\/v2\/posts\/48206\/revisions"}],"wp:attachment":[{"href":"https:\/\/linitiative.ca\/International\/wp-json\/wp\/v2\/media?parent=48206"}],"wp:term":[{"taxonomy":"category","embeddable":true,"href":"https:\/\/linitiative.ca\/International\/wp-json\/wp\/v2\/categories?post=48206"},{"taxonomy":"post_tag","embeddable":true,"href":"https:\/\/linitiative.ca\/International\/wp-json\/wp\/v2\/tags?post=48206"}],"curies":[{"name":"wp","href":"https:\/\/api.w.org\/{rel}","templated":true}]}}