{"id":48207,"date":"2019-07-24T16:31:17","date_gmt":"2019-07-24T20:31:17","guid":{"rendered":"https:\/\/linitiative.ca\/International\/sortie-litteraire-les-semences-desperance-du-cardinal-philippe-ouedraogo\/"},"modified":"2019-07-24T16:31:17","modified_gmt":"2019-07-24T20:31:17","slug":"sortie-litteraire-les-semences-desperance-du-cardinal-philippe-ouedraogo","status":"publish","type":"post","link":"https:\/\/linitiative.ca\/International\/sortie-litteraire-les-semences-desperance-du-cardinal-philippe-ouedraogo\/","title":{"rendered":"Sortie litt\u00e9raire  : les \u201cSemences d\u2019Esp\u00e9rance\u201d  du Cardinal Philippe Ou\u00e9draogo"},"content":{"rendered":"<div class=\"td-post-featured-image\"><a href=\"https:\/\/i1.wp.com\/www.sidwaya.info\/wp-content\/uploads\/2019\/07\/1-45.jpg?fit=738%2C415&#038;ssl=1\" data-caption=\"\"><img loading=\"lazy\" decoding=\"async\" width=\"696\" height=\"391\" class=\"entry-thumb td-modal-image\" src=\"https:\/\/i1.wp.com\/www.sidwaya.info\/wp-content\/uploads\/2019\/07\/1-45.jpg?resize=696%2C391&#038;ssl=1\" srcset=\"https:\/\/i1.wp.com\/www.sidwaya.info\/wp-content\/uploads\/2019\/07\/1-45.jpg?w=738&#038;ssl=1 738w, https:\/\/i1.wp.com\/www.sidwaya.info\/wp-content\/uploads\/2019\/07\/1-45.jpg?resize=300%2C169&#038;ssl=1 300w, https:\/\/i1.wp.com\/www.sidwaya.info\/wp-content\/uploads\/2019\/07\/1-45.jpg?resize=696%2C391&#038;ssl=1 696w\" sizes=\"auto, (max-width: 696px) 100vw, 696px\" alt=\"\" title=\"1\"\/><\/a><\/div>\n<p><strong>Le Cardinal Philippe Ou\u00e9draogo a d\u00e9dicac\u00e9, le jeudi 18 juillet 2019 \u00e0 l\u2019Archev\u00each\u00e9 de Ouagadougou, son livre \u201cSemences d\u2019Esp\u00e9rance\u201d. L\u2019\u0153uvre est un recueil des conf\u00e9rences et enseignements de l\u2019auteur.<\/strong><\/p>\n<p>Apr\u00e8s \u201cDieu seul suffit\u201d (2016), et \u201cLa parole de Dieu au c\u0153ur de l\u2019adoration eucharistique\u201d (2017), le Cardinal Philippe Ou\u00e9draogo vient d\u2019ajouter une \u0153uvre \u00e0 sa bibliographie. Intitul\u00e9 \u201cSemences d\u2019Esp\u00e9rance\u201d, le nouvel ouvrage a \u00e9t\u00e9 d\u00e9dicac\u00e9, le jeudi 18 juillet 2019 \u00e0 Ouagadougou, en pr\u00e9sence des hommes et femmes de m\u00e9dias. Pr\u00e9sent\u00e9e par l\u2019abb\u00e9 Gabriel Ilboudo, l\u2019\u0153uvre, compos\u00e9e de 240 pages, est une compilation des conf\u00e9rences et enseignements d\u00e9livr\u00e9s par l\u2019auteur entre 2011 et 2018. Elle comporte quatre sections, \u00e0 savoir \u201cLa paix au c\u0153ur du dialogue interreligieux\u201d, \u201cR\u00f4le et mission de la jeunesse\u201d, \u201cSaintet\u00e9 et la mission des fid\u00e8les du Christ\u201d et \u201cEucharistie, mariage, Sceam\u201d (Symposium des Conf\u00e9rences Episcopales d\u2019Afrique et de Madagascar). De l\u2019avis de l\u2019abb\u00e9 Ilboudo, le document aborde les nombreux d\u00e9fis sociaux et religieux du monde actuel (l\u2019intol\u00e9rance, l\u2019exclusion, l\u2019extr\u00e9misme religieux et violent, etc.). \u201cLes th\u00e8mes de la famille et du mariage sont trait\u00e9s de mani\u00e8re exhaustive. Car, pour le cardinal Ou\u00e9draogo, il s\u2019agit du socle de toute soci\u00e9t\u00e9 et premier lieu d\u2019apprentissage de la coh\u00e9sion sociale.<\/p>\n<p>Les probl\u00e8mes li\u00e9s \u00e0 l\u2019indissolubilit\u00e9 du mariage, au divorce et au remariage sont donc pass\u00e9s au crible par l\u2019auteur\u201d, a soulign\u00e9 le pr\u00e9sentateur du livre. Par ailleurs, le r\u00f4le de la jeunesse dans l\u2019\u00e9dification de la famille et de la cit\u00e9, a-t-il poursuivi, a \u00e9t\u00e9 largement d\u00e9velopp\u00e9 \u00e0 travers la cat\u00e9ch\u00e8se pour les journ\u00e9es mondiales des jeunes (Madrid 2011) et la rencontre internationale organis\u00e9e par Sant \u2018Egidio. Le cardinal Philippe Ou\u00e9draogo invite \u00e9galement, \u00e0 l\u2019entendre, les la\u00efcs \u00e0 jouer leur r\u00f4le dans l\u2019Eglise; les religieuses, \u00e0 une hom\u00e9lie sur la vie consacr\u00e9e; et les pr\u00eatres \u00e0 la mise en exergue de la saintet\u00e9 et de la mission du cur\u00e9. \u201cLe livre se referme sur le th\u00e8me de la solidarit\u00e9 et du partage dans le contexte africain en vue de faire du SCEAM une famille de Dieu forte et engag\u00e9e\u201d, a-t-il d\u00e9clar\u00e9.<\/p>\n<p>Pour lui, les diff\u00e9rents th\u00e8mes trait\u00e9s par l\u2019auteur touchent toutes les couches de la soci\u00e9t\u00e9 (fid\u00e8les chr\u00e9tiens, clerg\u00e9, politiques, chefs coutumiers, etc.), et se compl\u00e8tent \u201cconfort\u00e9s par la foi en J\u00e9sus-Christ Sauveur\u201d. Pourquoi un tel ouvrage? A cette question de l\u2019un des journalistes, le cardinal Philippe Ou\u00e9draogo a r\u00e9pondu que tout \u00e9v\u00eaque de l\u2019Eglise catholique, rev\u00eatu de la pl\u00e9nitude du sacerdoce, exerce une triple fonction: Enseigner, gouverner et sanctifier. \u201cAu cours de mon minist\u00e8re apostolique, j\u2019ai eu l\u2019opportunit\u00e9 de participer \u00e0 une s\u00e9rie de rencontres relatives au dialogue interreligieux et culturel, en vue de construire un monde de paix. Ce livre est donc un \u00e9cho partiel, voire un grenier modeste de la doctrine de l\u2019Eglise sous plusieurs facettes\u201d, a-t-il expliqu\u00e9. Publi\u00e9 par les Editions Vivre-Ensemble, le livre \u201cSemences d\u2019Esp\u00e9rance\u201d est disponible \u00e0 la librairie Jeunesse d\u2019Afrique au prix de 2 000 F CFA.<\/p>\n<p class=\"c1\"><strong>W. Aubin NANA<\/strong><\/p>\n<p class=\"c1\"><strong>David NADINGA (Stagiaire)<\/strong><\/p>\n<div class=\"td-a-rec td-a-rec-id-content_bottom td_uid_30_5d38d12852d86_rand td_block_template_1\"><img loading=\"lazy\" decoding=\"async\" class=\"aligncenter size-full wp-image-9623\" src=\"https:\/\/www.sidwaya.info\/wp-content\/uploads\/2019\/06\/Projet-bannie%CC%80re-Orange-mobile.jpg\" alt=\"\" width=\"728\" height=\"81\"\/><\/div>\n<p>Auteur: DD. Sidwaya<br \/>\n<a href=\"https:\/\/www.sidwaya.info\/blog\/2019\/07\/24\/sortie-litteraire-les-semences-desperance-du-cardinal-philippe-ouedraogo\/\">Cliquez ici pour lire l&rsquo;article depuis sa source.<\/a><\/p>\n","protected":false},"excerpt":{"rendered":"<p>Le Cardinal Philippe Ou\u00e9draogo a d\u00e9dicac\u00e9, le jeudi 18 juillet 2019 \u00e0 l\u2019Archev\u00each\u00e9 de Ouagadougou, son livre \u201cSemences d\u2019Esp\u00e9rance\u201d. L\u2019\u0153uvre est un recueil des conf\u00e9rences et enseignements de l\u2019auteur. Apr\u00e8s \u201cDieu seul suffit\u201d (2016), et \u201cLa parole de Dieu au c\u0153ur de l\u2019adoration eucharistique\u201d (2017), le Cardinal Philippe Ou\u00e9draogo vient d\u2019ajouter une \u0153uvre \u00e0 sa [&hellip;]<\/p>\n","protected":false},"author":1816,"featured_media":0,"comment_status":"closed","ping_status":"closed","sticky":false,"template":"","format":"standard","meta":{"fifu_image_url":"","fifu_image_alt":"","footnotes":""},"categories":[73,81],"tags":[],"class_list":["post-48207","post","type-post","status-publish","format-standard","hentry","category-actualite","category-burkina-faso"],"_links":{"self":[{"href":"https:\/\/linitiative.ca\/International\/wp-json\/wp\/v2\/posts\/48207","targetHints":{"allow":["GET"]}}],"collection":[{"href":"https:\/\/linitiative.ca\/International\/wp-json\/wp\/v2\/posts"}],"about":[{"href":"https:\/\/linitiative.ca\/International\/wp-json\/wp\/v2\/types\/post"}],"author":[{"embeddable":true,"href":"https:\/\/linitiative.ca\/International\/wp-json\/wp\/v2\/users\/1816"}],"replies":[{"embeddable":true,"href":"https:\/\/linitiative.ca\/International\/wp-json\/wp\/v2\/comments?post=48207"}],"version-history":[{"count":0,"href":"https:\/\/linitiative.ca\/International\/wp-json\/wp\/v2\/posts\/48207\/revisions"}],"wp:attachment":[{"href":"https:\/\/linitiative.ca\/International\/wp-json\/wp\/v2\/media?parent=48207"}],"wp:term":[{"taxonomy":"category","embeddable":true,"href":"https:\/\/linitiative.ca\/International\/wp-json\/wp\/v2\/categories?post=48207"},{"taxonomy":"post_tag","embeddable":true,"href":"https:\/\/linitiative.ca\/International\/wp-json\/wp\/v2\/tags?post=48207"}],"curies":[{"name":"wp","href":"https:\/\/api.w.org\/{rel}","templated":true}]}}