{"id":48208,"date":"2019-07-24T16:33:53","date_gmt":"2019-07-24T20:33:53","guid":{"rendered":"https:\/\/linitiative.ca\/International\/lutte-contre-linsecurite-la-force-barkane-satisfaite-de-sa-collaboration-avec-le-burkina\/"},"modified":"2019-07-24T16:33:53","modified_gmt":"2019-07-24T20:33:53","slug":"lutte-contre-linsecurite-la-force-barkane-satisfaite-de-sa-collaboration-avec-le-burkina","status":"publish","type":"post","link":"https:\/\/linitiative.ca\/International\/lutte-contre-linsecurite-la-force-barkane-satisfaite-de-sa-collaboration-avec-le-burkina\/","title":{"rendered":"Lutte contre l\u2019ins\u00e9curit\u00e9 : la force Barkane, satisfaite  de sa collaboration avec le Burkina"},"content":{"rendered":"<div class=\"td-post-featured-image\"><a href=\"https:\/\/i1.wp.com\/www.sidwaya.info\/wp-content\/uploads\/2019\/07\/1-46.jpg?fit=738%2C493&#038;ssl=1\" data-caption=\"\"><img loading=\"lazy\" decoding=\"async\" width=\"696\" height=\"465\" class=\"entry-thumb td-modal-image\" src=\"https:\/\/i1.wp.com\/www.sidwaya.info\/wp-content\/uploads\/2019\/07\/1-46.jpg?resize=696%2C465&#038;ssl=1\" srcset=\"https:\/\/i1.wp.com\/www.sidwaya.info\/wp-content\/uploads\/2019\/07\/1-46.jpg?w=738&#038;ssl=1 738w, https:\/\/i1.wp.com\/www.sidwaya.info\/wp-content\/uploads\/2019\/07\/1-46.jpg?resize=300%2C200&#038;ssl=1 300w, https:\/\/i1.wp.com\/www.sidwaya.info\/wp-content\/uploads\/2019\/07\/1-46.jpg?resize=696%2C465&#038;ssl=1 696w, https:\/\/i1.wp.com\/www.sidwaya.info\/wp-content\/uploads\/2019\/07\/1-46.jpg?resize=629%2C420&#038;ssl=1 629w\" sizes=\"auto, (max-width: 696px) 100vw, 696px\" alt=\"\" title=\"1\"\/><\/a><\/div>\n<p><strong>Le pr\u00e9sident du Faso, Roch Marc Christian Kabor\u00e9, a re\u00e7u le mercredi 24 juillet 2019 \u00e0 Kosyam, le commandant de la force Barkane, le g\u00e9n\u00e9ral de division, Fr\u00e9d\u00e9ric Blachon, en fin de mission. A l\u2019occasion, le haut grad\u00e9 a dress\u00e9 un bilan de sa mission et fait ses adieux au Chef de l\u2019Etat.<\/strong><\/p>\n<p>La force Barkane se r\u00e9jouit de sa collaboration avec l\u2019arm\u00e9e burkinab\u00e8. Le commandant de l\u2019unit\u00e9, le g\u00e9n\u00e9ral de division, Fr\u00e9d\u00e9ric Blachon, en fin de mission, l\u2019a fait savoir au chef de l\u2019Etat, Roch Marc Christian Kabor\u00e9, le mercredi 24 juillet 2019 au palais de Kosyam. Face \u00e0 la presse, le g\u00e9n\u00e9ral fran\u00e7ais dit avoir, au cours de sa mission, eu une excellente coop\u00e9ration avec les soldats burkinab\u00e8 et leurs \u00e9tats-majors.<\/p>\n<p>Il dit avoir \u00e9t\u00e9 s\u00e9duit par la \u00abqualit\u00e9\u00bb et la \u00abbonne\u00bb organisation des forces de d\u00e9fense et de s\u00e9curit\u00e9 du Burkina. \u00abCela est de bon augure pour arriver \u00e0 bout de notre adversaire commun, le terrorisme. J\u2019admire la mani\u00e8re dont les choses ont \u00e9t\u00e9 prises en compte et je souhaite bonne chance au chef d\u2019\u00e9tat-major burkinab\u00e8, afin qu\u2019il puisse mener la mission \u00e0 son terme\u00bb, a d\u00e9clar\u00e9 M. Blachon. Pr\u00e9cisant que la lutte contre le terroris-me est un combat de longue haleine, qui demande de la d\u00e9termination et de l\u2019abn\u00e9gation. Le commandant de la force Barkane dit \u00eatre s\u00fbr de la capacit\u00e9 de la troupe burkinab\u00e8 \u00e0 faire face \u00e0 la menace. La rencontre a \u00e9t\u00e9 une occasion pour le g\u00e9n\u00e9ral de faire le bilan d\u2019un an de commandement.<\/p>\n<p>\u00ab Le 4 octobre 2018, la coop\u00e9ration a permis de frapper un groupe terroriste qui venait de s\u2019attaquer \u00e0 la gendarmerie d\u2019Inata. L\u2019accord du 17 septembre de la m\u00eame ann\u00e9e, nous a permis de mener une op\u00e9ration avec les forces burkinab\u00e8 \u00bb, a soutenu Fr\u00e9d\u00e9ric Blachon. Il a, par ailleurs, pr\u00e9sent\u00e9 son successeur \u00e0 la t\u00eate de la force Barkane, le g\u00e9n\u00e9ral de division, Pascal Facon, au pr\u00e9sident du Faso.<\/p>\n<p class=\"c1\"><strong>Abdoulaye BALBONE<\/strong><\/p>\n<div class=\"td-a-rec td-a-rec-id-content_bottom td_uid_30_5d38d12b3bb5f_rand td_block_template_1\"><img loading=\"lazy\" decoding=\"async\" class=\"aligncenter size-full wp-image-9623\" src=\"https:\/\/www.sidwaya.info\/wp-content\/uploads\/2019\/06\/Projet-bannie%CC%80re-Orange-mobile.jpg\" alt=\"\" width=\"728\" height=\"81\"\/><\/div>\n<p>Auteur: DD. Sidwaya<br \/>\n<a href=\"https:\/\/www.sidwaya.info\/blog\/2019\/07\/24\/lutte-contre-linsecurite-la-force-barkane-satisfaite-de-sa-collaboration-avec-le-burkina\/\">Cliquez ici pour lire l&rsquo;article depuis sa source.<\/a><\/p>\n","protected":false},"excerpt":{"rendered":"<p>Le pr\u00e9sident du Faso, Roch Marc Christian Kabor\u00e9, a re\u00e7u le mercredi 24 juillet 2019 \u00e0 Kosyam, le commandant de la force Barkane, le g\u00e9n\u00e9ral de division, Fr\u00e9d\u00e9ric Blachon, en fin de mission. A l\u2019occasion, le haut grad\u00e9 a dress\u00e9 un bilan de sa mission et fait ses adieux au Chef de l\u2019Etat. La force [&hellip;]<\/p>\n","protected":false},"author":1816,"featured_media":0,"comment_status":"closed","ping_status":"closed","sticky":false,"template":"","format":"standard","meta":{"fifu_image_url":"","fifu_image_alt":"","footnotes":""},"categories":[73,81],"tags":[],"class_list":["post-48208","post","type-post","status-publish","format-standard","hentry","category-actualite","category-burkina-faso"],"_links":{"self":[{"href":"https:\/\/linitiative.ca\/International\/wp-json\/wp\/v2\/posts\/48208","targetHints":{"allow":["GET"]}}],"collection":[{"href":"https:\/\/linitiative.ca\/International\/wp-json\/wp\/v2\/posts"}],"about":[{"href":"https:\/\/linitiative.ca\/International\/wp-json\/wp\/v2\/types\/post"}],"author":[{"embeddable":true,"href":"https:\/\/linitiative.ca\/International\/wp-json\/wp\/v2\/users\/1816"}],"replies":[{"embeddable":true,"href":"https:\/\/linitiative.ca\/International\/wp-json\/wp\/v2\/comments?post=48208"}],"version-history":[{"count":0,"href":"https:\/\/linitiative.ca\/International\/wp-json\/wp\/v2\/posts\/48208\/revisions"}],"wp:attachment":[{"href":"https:\/\/linitiative.ca\/International\/wp-json\/wp\/v2\/media?parent=48208"}],"wp:term":[{"taxonomy":"category","embeddable":true,"href":"https:\/\/linitiative.ca\/International\/wp-json\/wp\/v2\/categories?post=48208"},{"taxonomy":"post_tag","embeddable":true,"href":"https:\/\/linitiative.ca\/International\/wp-json\/wp\/v2\/tags?post=48208"}],"curies":[{"name":"wp","href":"https:\/\/api.w.org\/{rel}","templated":true}]}}