{"id":48209,"date":"2019-07-24T16:38:33","date_gmt":"2019-07-24T20:38:33","guid":{"rendered":"https:\/\/linitiative.ca\/International\/proces-du-putsch-les-sages-rejettent-le-recours-de-diendere\/"},"modified":"2019-07-24T16:38:33","modified_gmt":"2019-07-24T20:38:33","slug":"proces-du-putsch-les-sages-rejettent-le-recours-de-diendere","status":"publish","type":"post","link":"https:\/\/linitiative.ca\/International\/proces-du-putsch-les-sages-rejettent-le-recours-de-diendere\/","title":{"rendered":"Proc\u00e8s du putsch  : les sages rejettent le recours  de Diend\u00e9r\u00e9"},"content":{"rendered":"<div class=\"td-post-featured-image\"><a href=\"https:\/\/i0.wp.com\/www.sidwaya.info\/wp-content\/uploads\/2019\/07\/1-47.jpg?fit=2215%2C1247&#038;ssl=1\" data-caption=\"\"><img loading=\"lazy\" decoding=\"async\" width=\"696\" height=\"392\" class=\"entry-thumb td-modal-image\" src=\"https:\/\/i0.wp.com\/www.sidwaya.info\/wp-content\/uploads\/2019\/07\/1-47.jpg?resize=696%2C392&#038;ssl=1\" srcset=\"https:\/\/i0.wp.com\/www.sidwaya.info\/wp-content\/uploads\/2019\/07\/1-47.jpg?w=2215&#038;ssl=1 2215w, https:\/\/i0.wp.com\/www.sidwaya.info\/wp-content\/uploads\/2019\/07\/1-47.jpg?resize=300%2C169&#038;ssl=1 300w, https:\/\/i0.wp.com\/www.sidwaya.info\/wp-content\/uploads\/2019\/07\/1-47.jpg?resize=768%2C432&#038;ssl=1 768w, https:\/\/i0.wp.com\/www.sidwaya.info\/wp-content\/uploads\/2019\/07\/1-47.jpg?resize=1024%2C576&#038;ssl=1 1024w, https:\/\/i0.wp.com\/www.sidwaya.info\/wp-content\/uploads\/2019\/07\/1-47.jpg?resize=696%2C392&#038;ssl=1 696w, https:\/\/i0.wp.com\/www.sidwaya.info\/wp-content\/uploads\/2019\/07\/1-47.jpg?resize=1068%2C601&#038;ssl=1 1068w, https:\/\/i0.wp.com\/www.sidwaya.info\/wp-content\/uploads\/2019\/07\/1-47.jpg?resize=746%2C420&#038;ssl=1 746w, https:\/\/i0.wp.com\/www.sidwaya.info\/wp-content\/uploads\/2019\/07\/1-47.jpg?resize=1320%2C743&#038;ssl=1 1320w, https:\/\/i0.wp.com\/www.sidwaya.info\/wp-content\/uploads\/2019\/07\/1-47.jpg?w=1392&#038;ssl=1 1392w, https:\/\/i0.wp.com\/www.sidwaya.info\/wp-content\/uploads\/2019\/07\/1-47.jpg?w=2088&#038;ssl=1 2088w\" sizes=\"auto, (max-width: 696px) 100vw, 696px\" alt=\"\" title=\"1\"\/><\/a><\/div>\n<p><strong>Le Conseil constitutionnel a, dans une d\u00e9cision rendue le mardi 23 juillet 2019, rejet\u00e9 le recours dans l\u2019exception d\u2019inconstitutionnalit\u00e9 de l\u2019article 67 du Code p\u00e9nal ancien, soulev\u00e9e par les avocats du g\u00e9n\u00e9ral Gilbert Diend\u00e9r\u00e9 devant la Chambre de premi\u00e8re instance du tribunal militaire.<\/strong><\/p>\n<p>Le recours des avocats du g\u00e9n\u00e9ral Gilbert Diend\u00e9r\u00e9, mettant en cause la constitutionnalit\u00e9 de l\u2019article 67 du Code p\u00e9nal ancien, est \u00abmal fond\u00e9\u00bb. Ainsi en a d\u00e9cid\u00e9 le Conseil constitutionnel, le mardi 23 juillet 2019. Pour les neuf juges, ladite disposition, \u00e0 savoir \u00abLes auteurs, coauteurs et les complices d\u2019un crime ou d\u2019un d\u00e9lit ou d\u2019une tentative de crime ou de d\u00e9lit sont \u00e9galement responsables de toute infraction dont la commission ou la tentative est une cons\u00e9quence pr\u00e9visible de l\u2019infraction\u00bb, est conforme au principe de la l\u00e9galit\u00e9 criminelle.<\/p>\n<p>D\u2019apr\u00e8s leur jugement, il ne s\u2019agit pas de rendre des personnes syst\u00e9matiquement responsables d\u2019infractions commises par d\u2019autres. \u00abL\u2019article 67 respecte le principe de la responsabilit\u00e9 p\u00e9nale du fait personnel\u00bb, ont tranch\u00e9 les sages, qui ont rejet\u00e9 du m\u00eame coup l\u2019argument des requ\u00e9rants, selon lequel, la disposition viole l\u2019article 5 de la Constitution en cr\u00e9ant un principe de responsabilit\u00e9 p\u00e9nale du fait d\u2019autrui. Les grands juges avaient \u00e9t\u00e9 saisis par le tribunal militaire, le 15 juillet dernier, d\u2019un m\u00e9moire des avocats de Diend\u00e9r\u00e9. Celui-ci est accus\u00e9, entre autres, d\u2019attentat \u00e0 la s\u00fbret\u00e9 de l\u2019Etat et de coups et blessures volontaires. C\u2019est la derni\u00e8re infraction que le g\u00e9n\u00e9ral r\u00e9fute. Il pourrait d\u00e9sormais se voir appliquer l\u2019article tant redout\u00e9.<\/p>\n<p class=\"c1\"><strong>Jean Philibert SOME<\/strong><\/p>\n<div class=\"td-a-rec td-a-rec-id-content_bottom td_uid_30_5d38d12df15b9_rand td_block_template_1\"><img loading=\"lazy\" decoding=\"async\" class=\"aligncenter size-full wp-image-9623\" src=\"https:\/\/www.sidwaya.info\/wp-content\/uploads\/2019\/06\/Projet-bannie%CC%80re-Orange-mobile.jpg\" alt=\"\" width=\"728\" height=\"81\"\/><\/div>\n<p>Auteur: DD. Sidwaya<br \/>\n<a href=\"https:\/\/www.sidwaya.info\/blog\/2019\/07\/24\/proces-du-putsch-les-sages-rejettent-le-recours-de-diendere\/\">Cliquez ici pour lire l&rsquo;article depuis sa source.<\/a><\/p>\n","protected":false},"excerpt":{"rendered":"<p>Le Conseil constitutionnel a, dans une d\u00e9cision rendue le mardi 23 juillet 2019, rejet\u00e9 le recours dans l\u2019exception d\u2019inconstitutionnalit\u00e9 de l\u2019article 67 du Code p\u00e9nal ancien, soulev\u00e9e par les avocats du g\u00e9n\u00e9ral Gilbert Diend\u00e9r\u00e9 devant la Chambre de premi\u00e8re instance du tribunal militaire. Le recours des avocats du g\u00e9n\u00e9ral Gilbert Diend\u00e9r\u00e9, mettant en cause la [&hellip;]<\/p>\n","protected":false},"author":1816,"featured_media":0,"comment_status":"closed","ping_status":"closed","sticky":false,"template":"","format":"standard","meta":{"fifu_image_url":"","fifu_image_alt":"","footnotes":""},"categories":[73,81],"tags":[],"class_list":["post-48209","post","type-post","status-publish","format-standard","hentry","category-actualite","category-burkina-faso"],"_links":{"self":[{"href":"https:\/\/linitiative.ca\/International\/wp-json\/wp\/v2\/posts\/48209","targetHints":{"allow":["GET"]}}],"collection":[{"href":"https:\/\/linitiative.ca\/International\/wp-json\/wp\/v2\/posts"}],"about":[{"href":"https:\/\/linitiative.ca\/International\/wp-json\/wp\/v2\/types\/post"}],"author":[{"embeddable":true,"href":"https:\/\/linitiative.ca\/International\/wp-json\/wp\/v2\/users\/1816"}],"replies":[{"embeddable":true,"href":"https:\/\/linitiative.ca\/International\/wp-json\/wp\/v2\/comments?post=48209"}],"version-history":[{"count":0,"href":"https:\/\/linitiative.ca\/International\/wp-json\/wp\/v2\/posts\/48209\/revisions"}],"wp:attachment":[{"href":"https:\/\/linitiative.ca\/International\/wp-json\/wp\/v2\/media?parent=48209"}],"wp:term":[{"taxonomy":"category","embeddable":true,"href":"https:\/\/linitiative.ca\/International\/wp-json\/wp\/v2\/categories?post=48209"},{"taxonomy":"post_tag","embeddable":true,"href":"https:\/\/linitiative.ca\/International\/wp-json\/wp\/v2\/tags?post=48209"}],"curies":[{"name":"wp","href":"https:\/\/api.w.org\/{rel}","templated":true}]}}