{"id":48210,"date":"2019-07-24T16:40:52","date_gmt":"2019-07-24T20:40:52","guid":{"rendered":"https:\/\/linitiative.ca\/International\/difficile-promotion-du-genre\/"},"modified":"2019-07-24T16:40:52","modified_gmt":"2019-07-24T20:40:52","slug":"difficile-promotion-du-genre","status":"publish","type":"post","link":"https:\/\/linitiative.ca\/International\/difficile-promotion-du-genre\/","title":{"rendered":"Difficile promotion du genre"},"content":{"rendered":"<div class=\"td-post-featured-image\"><a href=\"https:\/\/i2.wp.com\/www.sidwaya.info\/wp-content\/uploads\/2019\/07\/autre-regard-1.jpg?fit=709%2C510&#038;ssl=1\" data-caption=\"\"><img loading=\"lazy\" decoding=\"async\" width=\"696\" height=\"501\" class=\"entry-thumb td-modal-image\" src=\"https:\/\/i2.wp.com\/www.sidwaya.info\/wp-content\/uploads\/2019\/07\/autre-regard-1.jpg?resize=696%2C501&#038;ssl=1\" srcset=\"https:\/\/i2.wp.com\/www.sidwaya.info\/wp-content\/uploads\/2019\/07\/autre-regard-1.jpg?w=709&#038;ssl=1 709w, https:\/\/i2.wp.com\/www.sidwaya.info\/wp-content\/uploads\/2019\/07\/autre-regard-1.jpg?resize=300%2C216&#038;ssl=1 300w, https:\/\/i2.wp.com\/www.sidwaya.info\/wp-content\/uploads\/2019\/07\/autre-regard-1.jpg?resize=696%2C501&#038;ssl=1 696w, https:\/\/i2.wp.com\/www.sidwaya.info\/wp-content\/uploads\/2019\/07\/autre-regard-1.jpg?resize=584%2C420&#038;ssl=1 584w\" sizes=\"auto, (max-width: 696px) 100vw, 696px\" alt=\"\" title=\"autre regard\"\/><\/a><\/div>\n<p>A l\u2019initiative du pr\u00e9sident du Faso, le dialogue politique s\u2019est tenu, du 15 au 22 juillet 2019. Les travaux ont r\u00e9uni 20 repr\u00e9sentants de l\u2019Alliance des partis et formations politiques de la majorit\u00e9 pr\u00e9sidentielle (APMP) et 20 autres des partis politiques affili\u00e9s au Chef de file de l\u2019opposition politique (CFOP).<\/p>\n<p>Avec pour vocation de contribuer, entre autres, au renforcement de la paix, de la s\u00e9curit\u00e9, de la coh\u00e9sion sociale et de favoriser la r\u00e9conciliation et la tenue d\u2019\u00e9lections d\u00e9mocratiques et apais\u00e9es, ce dialogue a abouti \u00e0 de nombreuses d\u00e9cisions et recommandations consensuelles, hormis la question de l\u2019utilisation de la carte biom\u00e9trique consulaire comme document de votation. Sur la question du quota genre, en particulier, les participants ont, entre autres, convenu de \u00abla suppression de la sanction de rejet des listes de candidature non conformes au quota, de l\u2019instauration d\u2019une sanction positive en faveur des listes respectant le quota, du positionnement altern\u00e9 et de la prise de mesures d\u2019accompagnement des femmes engag\u00e9es en politique\u00bb.<\/p>\n<p>S\u2019il y a de quoi se r\u00e9jouir de l\u2019instauration d\u2019une sanction positive et de l\u2019accompagnement des femmes engag\u00e9es en politique, la suppression de la sanction de rejet des listes de candidature non conforme au quota, reste au travers de la gorge de plus d\u2019un. Selon certains observateurs, ce consensus politique peut conduire au non-respect de la loi portant fixation de quota aux \u00e9lections l\u00e9gislatives et municipales au Burkina Faso qui avait soulev\u00e9 tant d\u2019espoirs.<\/p>\n<p>En effet, depuis sa phase test en 2012, de nombreuses organisations publiques et priv\u00e9es font des pieds et des mains pour l\u2019effectivit\u00e9 de ces textes adopt\u00e9s, afin de favoriser une meilleure participation politique des hommes et des femmes. Apr\u00e8s plusieurs ann\u00e9es d\u2019application de la loi aux \u00e9lections municipales et l\u00e9gislatives de 2012, 2015 et 2016, des acquis avaient \u00e9t\u00e9 enregistr\u00e9s avec toutefois des insuffisances. Au lieu du respect de 30% de candidatures sur chaque liste, certains partis politiques ont pr\u00e9f\u00e9r\u00e9 appliquer le minimum de 30% sur l\u2019ensemble des candidatures de tout le parti. Au niveau du positionnement sur les listes, la majorit\u00e9 des candidates n\u2019\u00e9taient pas \u00e0 \u00abdes positions \u00e9ligibles\u00bb. Alors que certains estimaient que la sanction du non-respect des textes n\u2019\u00e9tait pas suffisamment dissuasive, consacrant juste la perte de 50% du financement de la campagne, la classe politique a d\u00e9cid\u00e9 de s\u2019en d\u00e9barrasser.<\/p>\n<p>Si l\u2019on sait que certains grands partis pourraient se passer de cette subvention de l\u2019Etat, il y a de quoi s\u2019inqui\u00e9ter quant \u00e0 l\u2019effectivit\u00e9 de la loi sur le quota genre. D\u00e9j\u00e0 que l\u2019engagement pris par le pr\u00e9sident Roch Marc Christian Kabor\u00e9, de respecter une pr\u00e9sence de 30% de femmes au gouvernement n\u2019a pas encore \u00e9t\u00e9 mis en \u0153uvre, les efforts des acteurs de la soci\u00e9t\u00e9 civile et du minist\u00e8re en charge de la femme en t\u00eate, risquent d\u2019\u00eatre vains, si cette d\u00e9cision \u00abconsensuelle\u00bb du dialogue politique venait \u00e0 \u00eatre appliqu\u00e9e. Aucune d\u00e9mocratie ne saurait se construire, sans l\u2019implication r\u00e9elle de l\u2019autre moiti\u00e9 du ciel dans les sph\u00e8res de d\u00e9cisions.<\/p>\n<p>Il serait illusoire de faire fi de cette r\u00e9alit\u00e9, surtout sous nos cieux o\u00f9 les femmes repr\u00e9sentent plus de la moiti\u00e9 de la population. Le changement en faveur de l\u2019\u00e9galit\u00e9 des sexes, de l\u2019\u00e9quit\u00e9 et de la justice sociale s\u2019impose et la loi portant fixation de quota aux \u00e9lections l\u00e9gislatives et municipales doit y participer. Mais les r\u00e9alit\u00e9s semblent tout autre. Il reste \u00e0 esp\u00e9rer que la relecture du projet de loi soit effective pour rectifier le tir.<\/p>\n<p class=\"c1\"><strong>Jean-Marie TOE<\/strong><\/p>\n<p class=\"c1\"><strong>jmt16j@gmail.com<\/strong><\/p>\n<div class=\"td-a-rec td-a-rec-id-content_bottom td_uid_30_5d38d130dedc1_rand td_block_template_1\"><img loading=\"lazy\" decoding=\"async\" class=\"aligncenter size-full wp-image-9623\" src=\"https:\/\/www.sidwaya.info\/wp-content\/uploads\/2019\/06\/Projet-bannie%CC%80re-Orange-mobile.jpg\" alt=\"\" width=\"728\" height=\"81\"\/><\/div>\n<p>Auteur: DD. Sidwaya<br \/>\n<a href=\"https:\/\/www.sidwaya.info\/blog\/2019\/07\/24\/difficile-promotion-du-genre\/\">Cliquez ici pour lire l&rsquo;article depuis sa source.<\/a><\/p>\n","protected":false},"excerpt":{"rendered":"<p>A l\u2019initiative du pr\u00e9sident du Faso, le dialogue politique s\u2019est tenu, du 15 au 22 juillet 2019. Les travaux ont r\u00e9uni 20 repr\u00e9sentants de l\u2019Alliance des partis et formations politiques de la majorit\u00e9 pr\u00e9sidentielle (APMP) et 20 autres des partis politiques affili\u00e9s au Chef de file de l\u2019opposition politique (CFOP). Avec pour vocation de contribuer, [&hellip;]<\/p>\n","protected":false},"author":1816,"featured_media":0,"comment_status":"closed","ping_status":"closed","sticky":false,"template":"","format":"standard","meta":{"fifu_image_url":"","fifu_image_alt":"","footnotes":""},"categories":[73,81],"tags":[],"class_list":["post-48210","post","type-post","status-publish","format-standard","hentry","category-actualite","category-burkina-faso"],"_links":{"self":[{"href":"https:\/\/linitiative.ca\/International\/wp-json\/wp\/v2\/posts\/48210","targetHints":{"allow":["GET"]}}],"collection":[{"href":"https:\/\/linitiative.ca\/International\/wp-json\/wp\/v2\/posts"}],"about":[{"href":"https:\/\/linitiative.ca\/International\/wp-json\/wp\/v2\/types\/post"}],"author":[{"embeddable":true,"href":"https:\/\/linitiative.ca\/International\/wp-json\/wp\/v2\/users\/1816"}],"replies":[{"embeddable":true,"href":"https:\/\/linitiative.ca\/International\/wp-json\/wp\/v2\/comments?post=48210"}],"version-history":[{"count":0,"href":"https:\/\/linitiative.ca\/International\/wp-json\/wp\/v2\/posts\/48210\/revisions"}],"wp:attachment":[{"href":"https:\/\/linitiative.ca\/International\/wp-json\/wp\/v2\/media?parent=48210"}],"wp:term":[{"taxonomy":"category","embeddable":true,"href":"https:\/\/linitiative.ca\/International\/wp-json\/wp\/v2\/categories?post=48210"},{"taxonomy":"post_tag","embeddable":true,"href":"https:\/\/linitiative.ca\/International\/wp-json\/wp\/v2\/tags?post=48210"}],"curies":[{"name":"wp","href":"https:\/\/api.w.org\/{rel}","templated":true}]}}