{"id":48213,"date":"2019-07-24T16:57:03","date_gmt":"2019-07-24T20:57:03","guid":{"rendered":"https:\/\/linitiative.ca\/International\/lutte-contre-la-peste-des-petits-ruminants-plus-de-25-millions-danimaux-vaccines\/"},"modified":"2019-07-24T16:57:03","modified_gmt":"2019-07-24T20:57:03","slug":"lutte-contre-la-peste-des-petits-ruminants-plus-de-25-millions-danimaux-vaccines","status":"publish","type":"post","link":"https:\/\/linitiative.ca\/International\/lutte-contre-la-peste-des-petits-ruminants-plus-de-25-millions-danimaux-vaccines\/","title":{"rendered":"Lutte contre la peste des petits ruminants : plus de 2,5 millions d\u2019animaux vaccin\u00e9s"},"content":{"rendered":"<div class=\"td-post-featured-image\"><a href=\"https:\/\/i2.wp.com\/www.sidwaya.info\/wp-content\/uploads\/2019\/07\/1-50.jpg?fit=738%2C490&#038;ssl=1\" data-caption=\"\"><img loading=\"lazy\" decoding=\"async\" width=\"696\" height=\"462\" class=\"entry-thumb td-modal-image\" src=\"https:\/\/i2.wp.com\/www.sidwaya.info\/wp-content\/uploads\/2019\/07\/1-50.jpg?resize=696%2C462&#038;ssl=1\" srcset=\"https:\/\/i2.wp.com\/www.sidwaya.info\/wp-content\/uploads\/2019\/07\/1-50.jpg?w=738&#038;ssl=1 738w, https:\/\/i2.wp.com\/www.sidwaya.info\/wp-content\/uploads\/2019\/07\/1-50.jpg?resize=300%2C199&#038;ssl=1 300w, https:\/\/i2.wp.com\/www.sidwaya.info\/wp-content\/uploads\/2019\/07\/1-50.jpg?resize=696%2C462&#038;ssl=1 696w, https:\/\/i2.wp.com\/www.sidwaya.info\/wp-content\/uploads\/2019\/07\/1-50.jpg?resize=633%2C420&#038;ssl=1 633w\" sizes=\"auto, (max-width: 696px) 100vw, 696px\" alt=\"\" title=\"1\"\/><\/a><\/div>\n<p><strong>Le minist\u00e8re des Ressources animales et halieutiques a organis\u00e9, le mercredi 24 juillet 2019 \u00e0 Ouagadougou, un atelier-bilan de la campagne de vaccination contre la peste des petits ruminants.<\/strong><\/p>\n<p>La premi\u00e8re campagne de vaccination contre la Peste des petits ruminants (PPR), lanc\u00e9e le 25 f\u00e9vrier dernier \u00e0 Toma, a permis de vacciner plus de 2,5 millions de caprins et d\u2019ovins sur une pr\u00e9vision de 3 millions. Ce bilan a \u00e9t\u00e9 fait par le minist\u00e8re des Ressources animales et halieutiques, le mercredi 24 juillet 2019 \u00e0 Ouagadougou au cours d\u2019un atelier.<\/p>\n<p>Pour le Directeur g\u00e9n\u00e9ral (DG) des services v\u00e9t\u00e9rinaires, Dr Joseph Savadogo, ce r\u00e9sultat quoique \u00absatisfaisant\u00bb aurait pu \u00eatre meilleur nonobstant quelques probl\u00e8mes rencontr\u00e9s sur le terrain. \u00abA cause de l\u2019ins\u00e9curit\u00e9\u00a0; les techniciens ont eu des difficult\u00e9s d\u2019acc\u00e8s et d\u2019organisation des s\u00e9ances de vaccination dans certaines zones, notamment dans la Boucle du Mouhoun, le Centre-Nord, l\u2019Est et le Sahel. De plus, les \u00e9leveurs n\u2019avaient pas l\u2019habitude de vacciner leurs animaux contre cette maladie\u00a0; donc il a fallu mettre beaucoup l\u2019accent sur la sensibilisation\u00a0pour qu\u2019ils adh\u00e8rent \u00e0 cette campagne qui \u00e9tait une premi\u00e8re\u00bb, a-t-il expliqu\u00e9. Aussi, il a relev\u00e9 que l\u2019atelier a permis de tirer les le\u00e7ons et de faire des recommandations \u00e0 m\u00eame d\u2019am\u00e9liorer les r\u00e9sultats pour les prochaines campagnes. Ce, d\u2019autant plus qu\u2019\u00e0 ses dires, celle de 2020 devra permettre de vacciner 6 millions d\u2019animaux. \u00abNous allons mobiliser tous les acteurs pour y arriver\u00bb, a inform\u00e9 docteur Savadogo. Pour le Secr\u00e9taire g\u00e9n\u00e9ral du minist\u00e8re des Ressources animales et halieutiques, docteur Charles Luanga Ou\u00e9draogo, il faut bien que l\u2019op\u00e9ration r\u00e9ussisse, car la PPR est l\u2019une des maladies les plus d\u00e9vastatrices du cheptel qui limite l\u2019acc\u00e8s des \u00e9leveurs burkinab\u00e8 aux march\u00e9s internationaux des animaux et des produits d\u00e9riv\u00e9s.<\/p>\n<p>Il a r\u00e9v\u00e9l\u00e9 qu\u2019une \u00e9tude de l\u2019Organisation des Nations unies pour l\u2019alimentation et l\u2019agriculture (FAO) a montr\u00e9 qu\u2019entre 2014 et 2017, les pertes directes occasionn\u00e9es par la PPR au Burkina Faso se chiffrent \u00e0 285,2 milliards F CFA. \u00a0A l\u2019entendre, au regard de son impact socio-\u00e9conomique et sanitaire, la PPR fait l\u2019objet d\u2019une strat\u00e9gie mondiale pour son contr\u00f4le et son \u00e9radication. \u00abLe pays des Hommes int\u00e8gres s\u2019est inscrit dans cette d\u00e9marche en \u00e9laborant un Plan national strat\u00e9gique PPR (PNS\/PPR) o\u00f9 la vaccination de masse des ovins et caprins constitue la principale activit\u00e9 pour \u00e9radiquer totalement cette maladie sur l\u2019\u00e9tendue du territoire d\u2019ici \u00e0 2025\u00bb, a-t-il fait savoir. La r\u00e9ussite du PNS\/PPR devrait permettre, selon lui, d\u2019am\u00e9liorer la contribution du secteur de l\u2019\u00e9levage au Produit int\u00e9rieur brut estim\u00e9 actuellement \u00e0 18%.<\/p>\n<p class=\"c1\"><strong>Eliane SOME<\/strong><\/p>\n<p class=\"c1\"><strong>elianesome4@gmail.com<\/strong><\/p>\n<div class=\"td-a-rec td-a-rec-id-content_bottom td_uid_30_5d38d139a2558_rand td_block_template_1\"><img loading=\"lazy\" decoding=\"async\" class=\"aligncenter size-full wp-image-9623\" src=\"https:\/\/www.sidwaya.info\/wp-content\/uploads\/2019\/06\/Projet-bannie%CC%80re-Orange-mobile.jpg\" alt=\"\" width=\"728\" height=\"81\"\/><\/div>\n<p>Auteur: DD. Sidwaya<br \/>\n<a href=\"https:\/\/www.sidwaya.info\/blog\/2019\/07\/24\/lutte-contre-la-peste-des-petits-ruminants-plus-de-25-millions-danimaux-vaccines\/\">Cliquez ici pour lire l&rsquo;article depuis sa source.<\/a><\/p>\n","protected":false},"excerpt":{"rendered":"<p>Le minist\u00e8re des Ressources animales et halieutiques a organis\u00e9, le mercredi 24 juillet 2019 \u00e0 Ouagadougou, un atelier-bilan de la campagne de vaccination contre la peste des petits ruminants. La premi\u00e8re campagne de vaccination contre la Peste des petits ruminants (PPR), lanc\u00e9e le 25 f\u00e9vrier dernier \u00e0 Toma, a permis de vacciner plus de 2,5 [&hellip;]<\/p>\n","protected":false},"author":1816,"featured_media":0,"comment_status":"closed","ping_status":"closed","sticky":false,"template":"","format":"standard","meta":{"fifu_image_url":"","fifu_image_alt":"","footnotes":""},"categories":[73,81],"tags":[],"class_list":["post-48213","post","type-post","status-publish","format-standard","hentry","category-actualite","category-burkina-faso"],"_links":{"self":[{"href":"https:\/\/linitiative.ca\/International\/wp-json\/wp\/v2\/posts\/48213","targetHints":{"allow":["GET"]}}],"collection":[{"href":"https:\/\/linitiative.ca\/International\/wp-json\/wp\/v2\/posts"}],"about":[{"href":"https:\/\/linitiative.ca\/International\/wp-json\/wp\/v2\/types\/post"}],"author":[{"embeddable":true,"href":"https:\/\/linitiative.ca\/International\/wp-json\/wp\/v2\/users\/1816"}],"replies":[{"embeddable":true,"href":"https:\/\/linitiative.ca\/International\/wp-json\/wp\/v2\/comments?post=48213"}],"version-history":[{"count":0,"href":"https:\/\/linitiative.ca\/International\/wp-json\/wp\/v2\/posts\/48213\/revisions"}],"wp:attachment":[{"href":"https:\/\/linitiative.ca\/International\/wp-json\/wp\/v2\/media?parent=48213"}],"wp:term":[{"taxonomy":"category","embeddable":true,"href":"https:\/\/linitiative.ca\/International\/wp-json\/wp\/v2\/categories?post=48213"},{"taxonomy":"post_tag","embeddable":true,"href":"https:\/\/linitiative.ca\/International\/wp-json\/wp\/v2\/tags?post=48213"}],"curies":[{"name":"wp","href":"https:\/\/api.w.org\/{rel}","templated":true}]}}