{"id":48219,"date":"2019-07-24T13:50:08","date_gmt":"2019-07-24T17:50:08","guid":{"rendered":"https:\/\/linitiative.ca\/International\/proces-du-putsch-au-burkina-rejet-du-recours-du-general-diendere\/"},"modified":"2019-07-24T13:50:08","modified_gmt":"2019-07-24T17:50:08","slug":"proces-du-putsch-au-burkina-rejet-du-recours-du-general-diendere","status":"publish","type":"post","link":"https:\/\/linitiative.ca\/International\/proces-du-putsch-au-burkina-rejet-du-recours-du-general-diendere\/","title":{"rendered":"Proc\u00e8s du putsch au Burkina: rejet du recours du g\u00e9n\u00e9ral Diend\u00e9r\u00e9"},"content":{"rendered":"<div readability=\"32\">\n<p>Publi\u00e9 le 24.07.2019 \u00e0 18h50 par AFP<\/p>\n<\/div>\n<div readability=\"84\">\n<p>Le Conseil constitutionnel a rejet\u00e9 mercredi l\u2019un des derniers recours d\u00e9pos\u00e9s par le g\u00e9n\u00e9ral Gilbert Diend\u00e9r\u00e9, un des principaux accus\u00e9s au proc\u00e8s du putsch manqu\u00e9, et qui avait entra\u00een\u00e9 une suspension d\u00e8s l\u2019entame des plaidoiries.<\/p>\n<p>\u00ab\u00a0Le recours du g\u00e9n\u00e9ral Gilbert Diend\u00e9r\u00e9 est recevable mais mal fond\u00e9\u00a0\u00bb, ont \u00e9crit les sages du Conseil constitutionnel dans leur d\u00e9cision.<\/p>\n<p>Les avocats du g\u00e9n\u00e9ral Diend\u00e9r\u00e9, avaient introduit le 15 juillet aupr\u00e8s du Conseil constitutionnel un recours aux fins de d\u00e9claration d\u2019inconstitutionnalit\u00e9, entra\u00eenant une suspension jusqu\u2019au 29 juillet du proc\u00e8s.<\/p>\n<p>\u201dPour le parquet, toutes les personnes contre qui il existe des charges d\u2019attentat ou complicit\u00e9 d\u2019attentat sont syst\u00e9matiquement responsables des meurtres et des coups et blessures\u201d, a comment\u00e9 Me Mathieu Som\u00e9, un des avocats du g\u00e9n\u00e9ral Diend\u00e9r\u00e9, estimant qu\u2019on doit \u00ab\u00a0caract\u00e9riser l\u2019infraction pour chaque individu et c\u2019est en cela que le recours avait sa raison d\u2019\u00eatre\u201d.<\/p>\n<p>Le 16 septembre 2015, des soldats du R\u00e9giment de s\u00e9curit\u00e9 pr\u00e9sidentielle (RSP) avaient tent\u00e9 en vain de renverser le gouvernement de transition mis en place apr\u00e8s la chute du pr\u00e9sident Blaise Compaor\u00e9, chass\u00e9 le 31 octobre 2014 par une insurrection populaire apr\u00e8s 27 ans au pouvoir.<\/p>\n<p>Au total, 84 accus\u00e9s sont jug\u00e9s depuis f\u00e9vrier 2018, dont le g\u00e9n\u00e9ral Diend\u00e9r\u00e9, principal accus\u00e9 et cerveau pr\u00e9sum\u00e9 du coup de force manqu\u00e9, qui avait fait 14 morts et 270 bless\u00e9s.<\/p>\n<p>Lors du putsch, le g\u00e9n\u00e9ral Diend\u00e9r\u00e9 avait pris la t\u00eate du Conseil national pour la d\u00e9mocratie, organe dirigeant des putschistes, avant de rendre le pouvoir face \u00e0 la pression populaire et \u00e0 l\u2019arm\u00e9e loyaliste.<\/p>\n<p>Le procureur du tribunal militaire a requis la prison \u00e0 vie \u00e0 l\u2019encontre des g\u00e9n\u00e9raux Diend\u00e9r\u00e9 et Djibrill Bassol\u00e9, les deux principaux accus\u00e9s du proc\u00e8s du putsch manqu\u00e9 de 2015, apr\u00e8s avoir demand\u00e9 la reconnaissance de leur culpabilit\u00e9 pour \u00ab\u00a0attentat \u00e0 la s\u00fbret\u00e9 de l\u2019Etat\u00a0\u00bb, \u00ab\u00a0trahison\u00a0\u00bb, \u00ab\u00a0meurtres et coups et blessures\u00a0\u00bb.<\/p>\n<\/div>\n<p>Auteur: AFP<br \/>\n<a href=\"https:\/\/www.journalducameroun.com\/proces-du-putsch-au-burkina-rejet-du-recours-du-general-diendere\/\">Cliquez ici pour lire l&rsquo;article depuis sa source.<\/a><\/p>\n","protected":false},"excerpt":{"rendered":"<p>Publi\u00e9 le 24.07.2019 \u00e0 18h50 par AFP Le Conseil constitutionnel a rejet\u00e9 mercredi l\u2019un des derniers recours d\u00e9pos\u00e9s par le g\u00e9n\u00e9ral Gilbert Diend\u00e9r\u00e9, un des principaux accus\u00e9s au proc\u00e8s du putsch manqu\u00e9, et qui avait entra\u00een\u00e9 une suspension d\u00e8s l\u2019entame des plaidoiries. \u00ab\u00a0Le recours du g\u00e9n\u00e9ral Gilbert Diend\u00e9r\u00e9 est recevable mais mal fond\u00e9\u00a0\u00bb, ont \u00e9crit [&hellip;]<\/p>\n","protected":false},"author":1965,"featured_media":0,"comment_status":"closed","ping_status":"closed","sticky":false,"template":"","format":"standard","meta":{"fifu_image_url":"","fifu_image_alt":"","footnotes":""},"categories":[73,82],"tags":[],"class_list":["post-48219","post","type-post","status-publish","format-standard","hentry","category-actualite","category-cameroun"],"_links":{"self":[{"href":"https:\/\/linitiative.ca\/International\/wp-json\/wp\/v2\/posts\/48219","targetHints":{"allow":["GET"]}}],"collection":[{"href":"https:\/\/linitiative.ca\/International\/wp-json\/wp\/v2\/posts"}],"about":[{"href":"https:\/\/linitiative.ca\/International\/wp-json\/wp\/v2\/types\/post"}],"author":[{"embeddable":true,"href":"https:\/\/linitiative.ca\/International\/wp-json\/wp\/v2\/users\/1965"}],"replies":[{"embeddable":true,"href":"https:\/\/linitiative.ca\/International\/wp-json\/wp\/v2\/comments?post=48219"}],"version-history":[{"count":0,"href":"https:\/\/linitiative.ca\/International\/wp-json\/wp\/v2\/posts\/48219\/revisions"}],"wp:attachment":[{"href":"https:\/\/linitiative.ca\/International\/wp-json\/wp\/v2\/media?parent=48219"}],"wp:term":[{"taxonomy":"category","embeddable":true,"href":"https:\/\/linitiative.ca\/International\/wp-json\/wp\/v2\/categories?post=48219"},{"taxonomy":"post_tag","embeddable":true,"href":"https:\/\/linitiative.ca\/International\/wp-json\/wp\/v2\/tags?post=48219"}],"curies":[{"name":"wp","href":"https:\/\/api.w.org\/{rel}","templated":true}]}}