{"id":48220,"date":"2019-07-24T14:18:03","date_gmt":"2019-07-24T18:18:03","guid":{"rendered":"https:\/\/linitiative.ca\/International\/marches-publics-ivoiriens-adoption-dun-nouveau-code-incluant-la-passation-par-voie-electronique\/"},"modified":"2019-07-24T14:18:03","modified_gmt":"2019-07-24T18:18:03","slug":"marches-publics-ivoiriens-adoption-dun-nouveau-code-incluant-la-passation-par-voie-electronique","status":"publish","type":"post","link":"https:\/\/linitiative.ca\/International\/marches-publics-ivoiriens-adoption-dun-nouveau-code-incluant-la-passation-par-voie-electronique\/","title":{"rendered":"March\u00e9s publics ivoiriens: adoption d\u2019un nouveau code incluant la passation par voie \u00e9lectronique"},"content":{"rendered":"<div readability=\"32\">\n<p>Publi\u00e9 le 24.07.2019 \u00e0 19h18 par APA News<\/p>\n<\/div>\n<div readability=\"77\">\n<p>Le chef de l\u2019Etat ivoirien Alassane Ouattara a pris une ordonnance modifiant le Code des march\u00e9s publics qui consacre le principe de la passation des march\u00e9s par voie \u00e9lectronique, a indiqu\u00e9 mercredi le porte-parole du gouvernement, Sidi Tour\u00e9, apr\u00e8s un Conseil des ministres.\u00ab Cette mesure s\u2019inscrit dans le cadre de la poursuite de la \u00a0transposition des directives communautaires de l\u2019Uemoa qui vise \u00e0 \u00a0rem\u00e9dier durablement aux insuffisances et \u00e9carts relev\u00e9s lors des \u00a0\u00e9valuations du syst\u00e8me ivoirien des march\u00e9s publics \u00bb, a expliqu\u00e9 M. \u00a0Sidi Tour\u00e9 \u00e0 la presse. \u00a0\u00a0<\/p>\n<p>Ce Code, \u00a0soulignera-t-il, \u00ab r\u00e9sulte d\u2019une consultation des acteurs du syst\u00e8me des \u00a0march\u00e9s publics, des principaux partenaires techniques et financiers \u00bb. \u00a0En outre, il apporte des \u00ab innovations majeures \u00bb, notamment la \u00a0suppression de la Commission administrative de conciliation comme \u00a0organe.<\/p>\n<p>Le nouveau dispositif des march\u00e9s \u00a0publics ivoirien introduit un nouvel acteur d\u00e9nomm\u00e9 personne responsable \u00a0des march\u00e9s publics, \u00ab mandat\u00e9 par l\u2019autorit\u00e9 contractante \u00bb pour la \u00a0mise en \u0153uvre des proc\u00e9dures de passation et d\u2019ex\u00e9cution des march\u00e9s \u00a0publics, a fait observer M. Sidi Tour\u00e9.<\/p>\n<p>Il \u00a0pr\u00e9voit \u00e9galement \u00ab la mise en place d\u2019une Commission d\u2019ouverture des \u00a0prix et de jugement des offres aupr\u00e8s des institutions ainsi que le \u00a0principe de la passation des march\u00e9s par la voie \u00e9lectronique \u00bb, a-t-il \u00a0poursuivi. \u00a0<\/p>\n<p>M. Sidi Tour\u00e9 a relev\u00e9 que \u00ab ce \u00a0nouveau code va \u00eatre adopt\u00e9 \u00bb avec \u00ab la suppression de la Commission \u00a0administrative de conciliation dont les missions seront maintenant \u00a0attribu\u00e9es et revers\u00e9es \u00e0 l\u2019Autorit\u00e9 nationale de r\u00e9gulation des march\u00e9s \u00a0publics \u00bb.\u00a0<\/p>\n<p>L\u2019objectif vis\u00e9 est \u00ab la \u00a0transparence \u00bb dans la commande publique, a-t-il dit, insinuant qu\u2019\u00ab il \u00e9tait important de faire une avanc\u00e9e substantielle d\u2019ex\u00e9cution des \u00a0march\u00e9s publics d\u2019autant plus que l\u2019Uemoa avait instruit que les \u00a0directives communautaires soient transpos\u00e9es \u00bb. \u00a0\u00a0<\/p>\n<p>La \u00a0derni\u00e8re r\u00e9forme de 2009 sur les march\u00e9s publics a consacr\u00e9 la \u00a0s\u00e9paration des fonctions de contr\u00f4le et de r\u00e9gulation des march\u00e9s \u00a0publics. Une Commission d\u2019\u00e9valuation sera ainsi cr\u00e9\u00e9e au sein des \u00a0diff\u00e9rentes commissions \u00e0 l\u2019ouverture des offres de sorte \u00e0 garantir \u00ab \u00a0la coll\u00e9gialit\u00e9 des d\u00e9cisions \u00bb. \u00a0<\/p>\n<\/div>\n<p>Auteur: APA News<br \/>\n<a href=\"https:\/\/www.journalducameroun.com\/marches-publics-ivoiriens-adoption-dun-nouveau-code-incluant-la-passation-par-voie-electronique\/\">Cliquez ici pour lire l&rsquo;article depuis sa source.<\/a><\/p>\n","protected":false},"excerpt":{"rendered":"<p>Publi\u00e9 le 24.07.2019 \u00e0 19h18 par APA News Le chef de l\u2019Etat ivoirien Alassane Ouattara a pris une ordonnance modifiant le Code des march\u00e9s publics qui consacre le principe de la passation des march\u00e9s par voie \u00e9lectronique, a indiqu\u00e9 mercredi le porte-parole du gouvernement, Sidi Tour\u00e9, apr\u00e8s un Conseil des ministres.\u00ab Cette mesure s\u2019inscrit dans [&hellip;]<\/p>\n","protected":false},"author":1965,"featured_media":0,"comment_status":"closed","ping_status":"closed","sticky":false,"template":"","format":"standard","meta":{"fifu_image_url":"","fifu_image_alt":"","footnotes":""},"categories":[73,82],"tags":[],"class_list":["post-48220","post","type-post","status-publish","format-standard","hentry","category-actualite","category-cameroun"],"_links":{"self":[{"href":"https:\/\/linitiative.ca\/International\/wp-json\/wp\/v2\/posts\/48220","targetHints":{"allow":["GET"]}}],"collection":[{"href":"https:\/\/linitiative.ca\/International\/wp-json\/wp\/v2\/posts"}],"about":[{"href":"https:\/\/linitiative.ca\/International\/wp-json\/wp\/v2\/types\/post"}],"author":[{"embeddable":true,"href":"https:\/\/linitiative.ca\/International\/wp-json\/wp\/v2\/users\/1965"}],"replies":[{"embeddable":true,"href":"https:\/\/linitiative.ca\/International\/wp-json\/wp\/v2\/comments?post=48220"}],"version-history":[{"count":0,"href":"https:\/\/linitiative.ca\/International\/wp-json\/wp\/v2\/posts\/48220\/revisions"}],"wp:attachment":[{"href":"https:\/\/linitiative.ca\/International\/wp-json\/wp\/v2\/media?parent=48220"}],"wp:term":[{"taxonomy":"category","embeddable":true,"href":"https:\/\/linitiative.ca\/International\/wp-json\/wp\/v2\/categories?post=48220"},{"taxonomy":"post_tag","embeddable":true,"href":"https:\/\/linitiative.ca\/International\/wp-json\/wp\/v2\/tags?post=48220"}],"curies":[{"name":"wp","href":"https:\/\/api.w.org\/{rel}","templated":true}]}}