{"id":48222,"date":"2019-07-24T14:50:01","date_gmt":"2019-07-24T18:50:01","guid":{"rendered":"https:\/\/linitiative.ca\/International\/somalie-attentat-contre-la-mairie-de-mogadiscio-six-morts-et-le-maire-blesse\/"},"modified":"2019-07-24T14:50:01","modified_gmt":"2019-07-24T18:50:01","slug":"somalie-attentat-contre-la-mairie-de-mogadiscio-six-morts-et-le-maire-blesse","status":"publish","type":"post","link":"https:\/\/linitiative.ca\/International\/somalie-attentat-contre-la-mairie-de-mogadiscio-six-morts-et-le-maire-blesse\/","title":{"rendered":"Somalie: attentat contre la mairie de Mogadiscio, six morts et le maire bless\u00e9"},"content":{"rendered":"<div readability=\"32\">\n<p>Publi\u00e9 le 24.07.2019 \u00e0 19h50 par AFP<\/p>\n<\/div>\n<div readability=\"131\">\n<p>Au moins six personnes ont \u00e9t\u00e9 tu\u00e9es et six bless\u00e9es, dont le maire de Mogadiscio, Abdirahman Omar Osman, mercredi dans un attentat des militants islamistes shebab contre les locaux de la municipalit\u00e9 de la capitale somalienne, a annonc\u00e9 le gouvernement.<\/p>\n<p>\u00ab\u00a0Six personnes, dont deux adjoints du maire et trois directeurs (de services), ont \u00e9t\u00e9 tu\u00e9es dans l\u2019attaque terroriste de cet apr\u00e8s-midi (mercredi). Six autres ont \u00e9t\u00e9 bless\u00e9es, dont le maire de Mogadiscio et d\u2019autres adjoints, qui sont maintenant soign\u00e9s par l\u2019\u00e9quipe m\u00e9dicale\u00a0\u00bb, a d\u00e9clar\u00e9 le ministre de l\u2019Information, Mohamed Abdi Hayir Mareye.<\/p>\n<p>\u00ab\u00a0Les forces de s\u00e9curit\u00e9 enqu\u00eatent sur ce qui s\u2019est pass\u00e9 et fourniront des d\u00e9tails plus tard\u00a0\u00bb, a ajout\u00e9 le ministre, qui s\u2019exprimait depuis les locaux de la mairie.<\/p>\n<p>Les shebab, affili\u00e9s \u00e0 Al-Qa\u00efda, qui ont l\u2019habitude de mener ce genre d\u2019attaques au c\u0153ur de la capitale, l\u2019ont revendiqu\u00e9e.<\/p>\n<p>\u00ab\u00a0Les moujahidine ont men\u00e9 une op\u00e9ration bien pr\u00e9par\u00e9e au si\u00e8ge (de la mairie de Mogadiscio), o\u00f9 ils ont tu\u00e9 plusieurs ennemis\u00a0\u00bb, a d\u00e9clar\u00e9 le porte-parole des shebab, Abdulaziz Abu-Musab, sur la radio Andalus, la station du groupe.<\/p>\n<p>Selon le porte-parole, les shebab visaient James Swan, le repr\u00e9sentant sp\u00e9cial de l\u2019ONU en Somalie, qui rendait visite mercredi au maire.<\/p>\n<p>La rencontre avait eu lieu environ une heure avant l\u2019attentat et M. Swan n\u2019\u00e9tait plus sur place quand l\u2019explosion a eu lieu, a-t-on appris de source onusienne locale.<\/p>\n<p>Le maire-adjoint, Mohamed Abdullahi Tulah, a confirm\u00e9 \u00e0 la radio gouvernementale Muqdisho que le maire avait \u00e9t\u00e9 bless\u00e9, ainsi que certains de ses adjoints. \u00ab\u00a0Cet acte terroriste ne nous dissuadera pas de servir le public\u00a0\u00bb, a-t-il affirm\u00e9.<\/p>\n<p>\u2013 \u2018Tr\u00e8s forte explosion\u2019 \u2013<\/p>\n<p>Selon une source s\u00e9curitaire ayant requis l\u2019anonymat, un kamikaze serait entr\u00e9 dans le b\u00e2timent o\u00f9 avait lieu une r\u00e9union et se serait fait exploser.<\/p>\n<p>\u00ab\u00a0Il y a eu une explosion \u00e0 l\u2019int\u00e9rieur (de la mairie), mais nous ne savons pas ce qui l\u2019a caus\u00e9e. Certaines informations laissent entendre qu\u2019elle a \u00e9t\u00e9 caus\u00e9e par un kamikaze qui aurait r\u00e9ussi \u00e0 entrer dans le b\u00e2timent en se faisant passer pour un membre du personnel et qu\u2019il y a des victimes, des morts et des bless\u00e9s. Mais je ne peux pas encore vous donner de d\u00e9tails\u00a0\u00bb, a d\u00e9clar\u00e9 un responsable s\u00e9curitaire, Mahdi Abdirahman.<\/p>\n<p>\u00ab\u00a0L\u2019explosion \u00e9tait tr\u00e8s forte et j\u2019ai vu des gens bless\u00e9s par des \u00e9clats fuir le si\u00e8ge\u00a0\u00bb de la municipalit\u00e9, a indiqu\u00e9 un t\u00e9moin, Mohamud Shariif.<\/p>\n<p>Chass\u00e9s de Mogadiscio en 2011, les shebab ont ensuite perdu l\u2019essentiel de leurs bastions. Mais ils contr\u00f4lent toujours de vastes zones rurales d\u2019o\u00f9 ils m\u00e8nent des op\u00e9rations de gu\u00e9rilla et des attentats-suicides y compris dans la capitale, contre des objectifs gouvernementaux, s\u00e9curitaires ou civils.<\/p>\n<p>Ils ont jur\u00e9 la perte du gouvernement somalien, soutenu par la communaut\u00e9 internationale et par les 20.000 hommes de la force de l\u2019Union africaine en Somalie (Amisom).<\/p>\n<p>Les shebab ont men\u00e9 plusieurs attaques d\u2019envergure depuis le d\u00e9but du mois. Le 13 juillet, ils ont fait exploser un v\u00e9hicule devant un h\u00f4tel de la ville portuaire de Kismayo (sud), puis pris d\u2019assaut l\u2019\u00e9tablissement, faisant au moins 26 morts et 56 bless\u00e9s.<\/p>\n<p>Puis lundi, au moins 17 personnes ont \u00e9t\u00e9 tu\u00e9es et 28 bless\u00e9es dans l\u2019explosion d\u2019un v\u00e9hicule pi\u00e9g\u00e9 pr\u00e8s d\u2019un point de contr\u00f4le situ\u00e9 sur la route d\u2019acc\u00e8s \u00e0 l\u2019a\u00e9roport de Mogadiscio.<\/p>\n<\/div>\n<p>Auteur: AFP<br \/>\n<a href=\"https:\/\/www.journalducameroun.com\/somalie-attentat-contre-la-mairie-de-mogadiscio-six-morts-et-le-maire-blesse\/\">Cliquez ici pour lire l&rsquo;article depuis sa source.<\/a><\/p>\n","protected":false},"excerpt":{"rendered":"<p>Publi\u00e9 le 24.07.2019 \u00e0 19h50 par AFP Au moins six personnes ont \u00e9t\u00e9 tu\u00e9es et six bless\u00e9es, dont le maire de Mogadiscio, Abdirahman Omar Osman, mercredi dans un attentat des militants islamistes shebab contre les locaux de la municipalit\u00e9 de la capitale somalienne, a annonc\u00e9 le gouvernement. \u00ab\u00a0Six personnes, dont deux adjoints du maire et [&hellip;]<\/p>\n","protected":false},"author":1965,"featured_media":0,"comment_status":"closed","ping_status":"closed","sticky":false,"template":"","format":"standard","meta":{"fifu_image_url":"","fifu_image_alt":"","footnotes":""},"categories":[73,82],"tags":[],"class_list":["post-48222","post","type-post","status-publish","format-standard","hentry","category-actualite","category-cameroun"],"_links":{"self":[{"href":"https:\/\/linitiative.ca\/International\/wp-json\/wp\/v2\/posts\/48222","targetHints":{"allow":["GET"]}}],"collection":[{"href":"https:\/\/linitiative.ca\/International\/wp-json\/wp\/v2\/posts"}],"about":[{"href":"https:\/\/linitiative.ca\/International\/wp-json\/wp\/v2\/types\/post"}],"author":[{"embeddable":true,"href":"https:\/\/linitiative.ca\/International\/wp-json\/wp\/v2\/users\/1965"}],"replies":[{"embeddable":true,"href":"https:\/\/linitiative.ca\/International\/wp-json\/wp\/v2\/comments?post=48222"}],"version-history":[{"count":0,"href":"https:\/\/linitiative.ca\/International\/wp-json\/wp\/v2\/posts\/48222\/revisions"}],"wp:attachment":[{"href":"https:\/\/linitiative.ca\/International\/wp-json\/wp\/v2\/media?parent=48222"}],"wp:term":[{"taxonomy":"category","embeddable":true,"href":"https:\/\/linitiative.ca\/International\/wp-json\/wp\/v2\/categories?post=48222"},{"taxonomy":"post_tag","embeddable":true,"href":"https:\/\/linitiative.ca\/International\/wp-json\/wp\/v2\/tags?post=48222"}],"curies":[{"name":"wp","href":"https:\/\/api.w.org\/{rel}","templated":true}]}}