{"id":48223,"date":"2019-07-24T15:18:03","date_gmt":"2019-07-24T19:18:03","guid":{"rendered":"https:\/\/linitiative.ca\/International\/crise-pour-election-du-president-de-lunjci-un-comite-de-sages-bientot-mis-en-place-ministre\/"},"modified":"2019-07-24T15:18:03","modified_gmt":"2019-07-24T19:18:03","slug":"crise-pour-election-du-president-de-lunjci-un-comite-de-sages-bientot-mis-en-place-ministre","status":"publish","type":"post","link":"https:\/\/linitiative.ca\/International\/crise-pour-election-du-president-de-lunjci-un-comite-de-sages-bientot-mis-en-place-ministre\/","title":{"rendered":"Crise pour \u00e9lection du pr\u00e9sident de l\u2019UNJCI: un Comit\u00e9 de sages bient\u00f4t mis en place (Ministre)"},"content":{"rendered":"<div readability=\"32\">\n<p>Publi\u00e9 le 24.07.2019 \u00e0 20h18 par APA News<\/p>\n<\/div>\n<div readability=\"81\">\n<p>Le ministre ivoirien de la Communication et des m\u00e9dias, Sidi Tour\u00e9, a annonc\u00e9 mercredi la mise en place d\u2019un Comit\u00e9 de sages en vue de d\u00e9nouer la crise ayant gripp\u00e9 le week-end dernier l\u2019\u00e9lection du pr\u00e9sident de l\u2019Union nationale des journalistes de C\u00f4te d\u2019Ivoire (UNJCI).\u00ab En ce qui nous concerne, nous avons commenc\u00e9 \u00e0 discuter avec les diff\u00e9rents acteurs et incessamment un Comit\u00e9 de sages sera mis en place \u00e0 l\u2019effet de conduire les discussions pour (lever le blocage sur) les points de divergences, aller \u00e0 l\u2019essentiel, et tr\u00e8s vite \u00bb, a dit M. Sidi Tour\u00e9 \u00e0 l\u2019issue d\u2019un Conseil des ministres.<\/p>\n<p>Il a affirm\u00e9 que son d\u00e9partement a \u00ab constat\u00e9 avec beaucoup de regret cette situation regrettable du Congr\u00e8s de l\u2019UNJCI\u00bb, appelant \u00ab les uns et les autres \u00e0 la responsabilit\u00e9, th\u00e8me au c\u0153ur de la th\u00e9matique de ce (10\u00e8me) congr\u00e8s \u00bb. \u00a0<\/p>\n<p>Le ministre ivoirien de la Communication et des m\u00e9dias a assur\u00e9 s\u2019y impliquer afin que \u00ab \u00a0dans un d\u00e9lai tr\u00e8s court \u00bb le Congr\u00e8s puisse se tenir \u00e0 la satisfaction de tout le monde, notamment des trois candidats en lice, issus du bureau sortant.\u00a0<\/p>\n<p>\u00ab Il est encore de bon ton de dire, nous journalistes nous sommes dans la position de critique et il est bien que nous fassions attention pour ne pas nous mettre en sc\u00e8ne et ce qu\u2019on reproche aux hommes politiques, on veille afin que cela ne nous soit pas reproch\u00e9 pour que le corps soit pr\u00e9serv\u00e9 de critiques \u00bb, a-t-il conseill\u00e9. \u00a0\u00a0<\/p>\n<p>L\u00b4\u00e9lection du pr\u00e9sident de l\u2019UNJCI, la principale fa\u00eeti\u00e8re des m\u00e9dias en C\u00f4te d\u2019Ivoire, n\u2019a pu se tenir dimanche soir en raison d\u00b4une m\u00e9sentente entre les trois listes en comp\u00e9tition sur les modalit\u00e9s d\u00b4acceptation du vote par procuration.<\/p>\n<p>Selon les textes de l\u2019organisation, le vote par procuration est admis et les journalistes absents au congr\u00e8s peuvent d\u00e9signer leurs repr\u00e9sentants pour voter \u00e0 leur place. Mais, la majorit\u00e9 des congressistes a contest\u00e9 un vote massif par procuration, affirmant ne pas vouloir un pr\u00e9sident \u00e9lu par procuration. \u00a0<\/p>\n<p>La premi\u00e8re journ\u00e9e de samedi pendant laquelle ont eu lieu les travaux en commission, s\u2019est relativement bien d\u00e9roul\u00e9e, malheureusement celle de dimanche consacr\u00e9e au vote s\u2019est sold\u00e9e par un gros cafouillage et de vives tensions.<\/p>\n<\/div>\n<p>Auteur: APA News<br \/>\n<a href=\"https:\/\/www.journalducameroun.com\/crise-pour-election-du-president-de-lunjci-un-comite-de-sages-bientot-mis-en-place-ministre\/\">Cliquez ici pour lire l&rsquo;article depuis sa source.<\/a><\/p>\n","protected":false},"excerpt":{"rendered":"<p>Publi\u00e9 le 24.07.2019 \u00e0 20h18 par APA News Le ministre ivoirien de la Communication et des m\u00e9dias, Sidi Tour\u00e9, a annonc\u00e9 mercredi la mise en place d\u2019un Comit\u00e9 de sages en vue de d\u00e9nouer la crise ayant gripp\u00e9 le week-end dernier l\u2019\u00e9lection du pr\u00e9sident de l\u2019Union nationale des journalistes de C\u00f4te d\u2019Ivoire (UNJCI).\u00ab En ce [&hellip;]<\/p>\n","protected":false},"author":1965,"featured_media":0,"comment_status":"closed","ping_status":"closed","sticky":false,"template":"","format":"standard","meta":{"fifu_image_url":"","fifu_image_alt":"","footnotes":""},"categories":[73,82],"tags":[],"class_list":["post-48223","post","type-post","status-publish","format-standard","hentry","category-actualite","category-cameroun"],"_links":{"self":[{"href":"https:\/\/linitiative.ca\/International\/wp-json\/wp\/v2\/posts\/48223","targetHints":{"allow":["GET"]}}],"collection":[{"href":"https:\/\/linitiative.ca\/International\/wp-json\/wp\/v2\/posts"}],"about":[{"href":"https:\/\/linitiative.ca\/International\/wp-json\/wp\/v2\/types\/post"}],"author":[{"embeddable":true,"href":"https:\/\/linitiative.ca\/International\/wp-json\/wp\/v2\/users\/1965"}],"replies":[{"embeddable":true,"href":"https:\/\/linitiative.ca\/International\/wp-json\/wp\/v2\/comments?post=48223"}],"version-history":[{"count":0,"href":"https:\/\/linitiative.ca\/International\/wp-json\/wp\/v2\/posts\/48223\/revisions"}],"wp:attachment":[{"href":"https:\/\/linitiative.ca\/International\/wp-json\/wp\/v2\/media?parent=48223"}],"wp:term":[{"taxonomy":"category","embeddable":true,"href":"https:\/\/linitiative.ca\/International\/wp-json\/wp\/v2\/categories?post=48223"},{"taxonomy":"post_tag","embeddable":true,"href":"https:\/\/linitiative.ca\/International\/wp-json\/wp\/v2\/tags?post=48223"}],"curies":[{"name":"wp","href":"https:\/\/api.w.org\/{rel}","templated":true}]}}