{"id":48224,"date":"2019-07-24T15:50:01","date_gmt":"2019-07-24T19:50:01","guid":{"rendered":"https:\/\/linitiative.ca\/International\/la-vague-populiste-bouscule-les-relations-internationales\/"},"modified":"2019-07-24T15:50:01","modified_gmt":"2019-07-24T19:50:01","slug":"la-vague-populiste-bouscule-les-relations-internationales","status":"publish","type":"post","link":"https:\/\/linitiative.ca\/International\/la-vague-populiste-bouscule-les-relations-internationales\/","title":{"rendered":"La \u00ab\u00a0vague populiste\u00a0\u00bb bouscule les relations internationales"},"content":{"rendered":"<p>De Donald Trump \u00e0 Boris Johnson, le club des dirigeants qui portent un discours antisyst\u00e8me aux accents parfois populistes ne cesse de grossir et bouscule la diplomatie mondiale au d\u00e9triment du multilat\u00e9ralisme et de la coop\u00e9ration internationale.<\/p>\n<p>Pour nombre d\u2019observateurs, la \u00ab\u00a0vague populiste\u00a0\u00bb qui d\u00e9ferle sur les pays d\u00e9mocratiques a eu sa premi\u00e8re victoire retentissante avec le \u00ab\u00a0oui\u00a0\u00bb au Brexit lors du r\u00e9f\u00e9rendum britannique de juin 2016, avant m\u00eame l\u2019\u00e9lection du milliardaire r\u00e9publicain \u00e0 la pr\u00e9sidence des Etats-Unis en novembre suivant.<\/p>\n<p>La nomination mercredi comme Premier ministre du Royaume-Uni du conservateur Boris Johnson, champion de la sortie de l\u2019Union europ\u00e9enne, semble donc s\u2019inscrire dans ce mouvement qui, entre-temps, a m\u00eame vu l\u2019ascension de repr\u00e9sentants de l\u2019extr\u00eame droite au Br\u00e9sil, avec Jair Bolsonaro, ou en Italie, avec Matteo Salvini.<\/p>\n<p>\u00ab\u00a0Les dirigeants de pr\u00e8s de la moiti\u00e9 des pays du G20\u00a0\u00bb, qui r\u00e9unit les principales puissances riches et \u00e9mergentes, \u00ab\u00a0sont d\u00e9sormais globalement favorables \u00e0 Trump\u00a0\u00bb, constate Ian Bremmer, pr\u00e9sident de la soci\u00e9t\u00e9 d\u2019expertise Eurasia Group.<\/p>\n<p>Et \u00ab\u00a0un bon nombre sont arriv\u00e9s au pouvoir apr\u00e8s lui\u00a0\u00bb, ajoute-t-il.<\/p>\n<p>Parmi eux, il cite donc le Royaume-Uni, le Br\u00e9sil, l\u2019Italie, l\u2019Australie de Scott Morrison, mais aussi des leaders au pouvoir depuis plus longtemps (l\u2019Indien Narendra Modi, l\u2019Argentin Mauricio Macri, le Turc Recep Tayyip Erdogan), voire ceux de pays plus autoritaires, comme le Russe Vladimir Poutine et le prince h\u00e9ritier saoudien Mohammed ben Salmane.<\/p>\n<p>Boris Johnson est toutefois un peu \u00e0 part, et, malgr\u00e9 ses affinit\u00e9s affich\u00e9es avec Donald Trump, risque de se trouver rapidement \u00ab\u00a0mal \u00e0 l\u2019aise\u00a0\u00bb dans ce \u00ab\u00a0club illib\u00e9ral\u00a0\u00bb, pr\u00e9vient Thomas Wright, du cercle de r\u00e9flexion Brookings Institution de Washington.<\/p>\n<p>Il est certes \u00ab\u00a0populiste et radical sur le Brexit, mais pas sur d\u2019autres sujets\u00a0\u00bb, explique-t-il \u00e0 l\u2019AFP.<\/p>\n<p>\u00ab\u00a0Sur le changement climatique, l\u2019Iran\u00a0\u00bb ou encore \u00ab\u00a0le multilat\u00e9ralisme\u00a0\u00bb, le nouveau chef du gouvernement britannique est \u00ab\u00a0plus mod\u00e9r\u00e9\u00a0\u00bb et risque rapidement de se trouver en porte-\u00e0-faux avec le pr\u00e9sident am\u00e9ricain, suppos\u00e9 \u00eatre son principal alli\u00e9.<\/p>\n<p>Mais malgr\u00e9 des contextes et des personnalit\u00e9s diff\u00e9rents entre tous ces dirigeants, les parall\u00e8les sont l\u00e9gion.<\/p>\n<p>\u00ab\u00a0Ils ont en commun un style populiste et font clairement partie d\u2019un m\u00eame ph\u00e9nom\u00e8ne plus large\u00a0\u00bb, analyse Luigi Scazzieri, du Centre for European Reform \u00e0 Londres. \u00ab\u00a0Les \u00e9lecteurs aux Etats-Unis, au Royaume-Uni ou en Italie choisissent des politiques qui se caract\u00e9risent par un sentiment anti-immigration, un discours plus ou moins explicitement nationaliste, le rejet des \u00e9lites traditionnelles incarn\u00e9es par les technocrates et les experts\u00a0\u00bb, dit-il.<\/p>\n<p>\u2013 \u00ab\u00a0Jeu \u00e0 somme nulle\u00a0\u00bb \u2013<\/p>\n<p>Les racines se trouvent dans la mont\u00e9e des in\u00e9galit\u00e9s, avec un sentiment de d\u00e9classement qui d\u00e9passe les classes populaires pour atteindre les classes moyennes.<\/p>\n<p>Conjugu\u00e9s avec un usage \u00ab\u00a0incroyablement efficace\u00a0\u00bb des r\u00e9seaux sociaux, dont \u00ab\u00a0Bolsonaro, Salvini, Trump et Johnson sont de vraies cr\u00e9atures\u00a0\u00bb, ces facteurs expliquent la mont\u00e9e \u00ab\u00a0structurelle\u00a0\u00bb du \u00ab\u00a0populisme\u00a0\u00bb, ajoute Ian Bremmer, tout en notant que la vague est loin d\u2019\u00eatre g\u00e9n\u00e9ralis\u00e9e.<\/p>\n<p>L\u2019irruption de ces nouveaux acteurs a forc\u00e9ment des \u00ab\u00a0cons\u00e9quences profondes sur les affaires de la plan\u00e8te\u00a0\u00bb, tant ils \u00ab\u00a0d\u00e9nigrent les institutions internationales accus\u00e9es de saper les int\u00e9r\u00eats et la souverainet\u00e9 nationaux\u00a0\u00bb, selon Luigi Scazzieri.<\/p>\n<p>Le slogan de Donald Trump, \u00ab\u00a0America First\u00a0\u00bb, semble pouvoir \u00eatre d\u00e9clin\u00e9 dans chaque pays, \u00ab\u00a0le Br\u00e9sil d\u2019abord\u00a0\u00bb, \u00ab\u00a0l\u2019Italie d\u2019abord\u00a0\u00bb\u2026<\/p>\n<p>Premi\u00e8re victime: le multilat\u00e9ralisme, et ses r\u00e9alisations depuis 1945, cibles des coups de canif du pr\u00e9sident am\u00e9ricain et de plusieurs de ses homologues. De l\u2019accord de Paris sur le climat \u00e0 celui sur le nucl\u00e9aire iranien, des Nations unies \u00e0 l\u2019Union europ\u00e9enne, les textes et institutions qui r\u00e9gissent l\u2019ordre international subissent des attaques constantes.<\/p>\n<p>Difficile toutefois de parler d\u2019une \u00ab\u00a0coalition\u00a0\u00bb des dirigeants \u00ab\u00a0nationalistes\u00a0\u00bb, \u00ab\u00a0populistes\u00a0\u00bb ou \u00ab\u00a0antisyst\u00e8me\u00a0\u00bb: un groupe \u00e0 part, certes, mais ni homog\u00e8ne ni uni.<\/p>\n<p>Pour preuve, l\u2019impossibilit\u00e9 de former un groupe parlementaire commun apr\u00e8s les \u00e9lections europ\u00e9ennes du printemps, car les questions \u00e9conomiques ou les relations \u00e0 l\u2019\u00e9gard de la Russie, par exemple, divisent les partis issus de la droite de la droite.<\/p>\n<p>\u00ab\u00a0Ils ont tous des drapeaux diff\u00e9rents, et des int\u00e9r\u00eats nationaux diff\u00e9rents\u00a0\u00bb, note Ian Bremmer. \u00ab\u00a0Il est facile pour eux de s\u2019opposer \u00e0 la mondialisation, aux structures internationales existantes et au libre-\u00e9change, mais \u00e7a ne les r\u00e9unit pas pour autant autour de quelque chose, cela les pousse surtout \u00e0 soutenir plus de fronti\u00e8res nationales, plus de droits de douane\u2026\u00a0\u00bb<\/p>\n<p>\u00ab\u00a0Un jeu \u00e0 somme nulle\u00a0\u00bb, avec, au bout, moins de coop\u00e9ration internationale, r\u00e9sume Luigi Scazzieri.<\/p>\n<p>Auteur: AFP<br \/>\n<a href=\"https:\/\/www.journalducameroun.com\/la-vague-populiste-bouscule-les-relations-internationales\/\">Cliquez ici pour lire l&rsquo;article depuis sa source.<\/a><\/p>\n","protected":false},"excerpt":{"rendered":"<p>De Donald Trump \u00e0 Boris Johnson, le club des dirigeants qui portent un discours antisyst\u00e8me aux accents parfois populistes ne cesse de grossir et bouscule la diplomatie mondiale au d\u00e9triment du multilat\u00e9ralisme et de la coop\u00e9ration internationale. Pour nombre d\u2019observateurs, la \u00ab\u00a0vague populiste\u00a0\u00bb qui d\u00e9ferle sur les pays d\u00e9mocratiques a eu sa premi\u00e8re victoire retentissante [&hellip;]<\/p>\n","protected":false},"author":1965,"featured_media":0,"comment_status":"closed","ping_status":"closed","sticky":false,"template":"","format":"standard","meta":{"fifu_image_url":"","fifu_image_alt":"","footnotes":""},"categories":[73,82],"tags":[],"class_list":["post-48224","post","type-post","status-publish","format-standard","hentry","category-actualite","category-cameroun"],"_links":{"self":[{"href":"https:\/\/linitiative.ca\/International\/wp-json\/wp\/v2\/posts\/48224","targetHints":{"allow":["GET"]}}],"collection":[{"href":"https:\/\/linitiative.ca\/International\/wp-json\/wp\/v2\/posts"}],"about":[{"href":"https:\/\/linitiative.ca\/International\/wp-json\/wp\/v2\/types\/post"}],"author":[{"embeddable":true,"href":"https:\/\/linitiative.ca\/International\/wp-json\/wp\/v2\/users\/1965"}],"replies":[{"embeddable":true,"href":"https:\/\/linitiative.ca\/International\/wp-json\/wp\/v2\/comments?post=48224"}],"version-history":[{"count":0,"href":"https:\/\/linitiative.ca\/International\/wp-json\/wp\/v2\/posts\/48224\/revisions"}],"wp:attachment":[{"href":"https:\/\/linitiative.ca\/International\/wp-json\/wp\/v2\/media?parent=48224"}],"wp:term":[{"taxonomy":"category","embeddable":true,"href":"https:\/\/linitiative.ca\/International\/wp-json\/wp\/v2\/categories?post=48224"},{"taxonomy":"post_tag","embeddable":true,"href":"https:\/\/linitiative.ca\/International\/wp-json\/wp\/v2\/tags?post=48224"}],"curies":[{"name":"wp","href":"https:\/\/api.w.org\/{rel}","templated":true}]}}