{"id":48225,"date":"2019-07-24T16:50:02","date_gmt":"2019-07-24T20:50:02","guid":{"rendered":"https:\/\/linitiative.ca\/International\/vigilance-rouge-un-niveau-dalerte-a-la-fois-meteo-et-sanitaire\/"},"modified":"2019-07-24T16:50:02","modified_gmt":"2019-07-24T20:50:02","slug":"vigilance-rouge-un-niveau-dalerte-a-la-fois-meteo-et-sanitaire","status":"publish","type":"post","link":"https:\/\/linitiative.ca\/International\/vigilance-rouge-un-niveau-dalerte-a-la-fois-meteo-et-sanitaire\/","title":{"rendered":"Vigilance rouge: un niveau d\u2019alerte \u00e0 la fois m\u00e9t\u00e9o et sanitaire"},"content":{"rendered":"<div readability=\"32\">\n<p>Publi\u00e9 le 24.07.2019 \u00e0 21h50 par AFP<\/p>\n<\/div>\n<div readability=\"119\">\n<p>La vigilance rouge canicule d\u00e9clar\u00e9e mercredi par M\u00e9t\u00e9o France pour 20 d\u00e9partements, le niveau le plus \u00e9lev\u00e9 du \u00ab\u00a0plan national canicule\u00a0\u00bb, correspond \u00e0 la fois \u00e0 un \u00e9v\u00e9nement m\u00e9t\u00e9orologique exceptionnel et \u00e0 une alerte sanitaire justifiant une \u00ab\u00a0mobilisation maximale\u00a0\u00bb.<\/p>\n<p>La derni\u00e8re marche de ce dispositif, cr\u00e9\u00e9 en 2004 par M\u00e9t\u00e9o-France et les autorit\u00e9s sanitaires apr\u00e8s la canicule de 2003, a \u00e9t\u00e9 activ\u00e9 pour la premi\u00e8re fois fin juin, lors de la pr\u00e9c\u00e9dente vague de forte chaleur. Elle avait dur\u00e9 une journ\u00e9e et concern\u00e9 les Bouches-du-Rh\u00f4ne, le Gard, l\u2019H\u00e9rault et le Vaucluse.<\/p>\n<p>Cette fois, l\u2019alerte \u00ab\u00a0va toucher 20 millions de nos concitoyens\u00a0\u00bb et porte sur des d\u00e9partements du nord de la France, des \u00ab\u00a0zones qui ne sont pas habitu\u00e9es \u00e0 ces fortes chaleurs\u00a0\u00bb, a soulign\u00e9 la ministre de la Sant\u00e9 Agn\u00e8s Buzyn.<\/p>\n<p>Le bulletin d\u2019alerte de M\u00e9t\u00e9o-France est justifi\u00e9 par le \u00ab\u00a0pic de chaleur exceptionnel\u00a0\u00bb attendu jeudi sur les r\u00e9gions du nord de la France, avec notamment \u00ab\u00a0des records absolus\u00a0\u00bb possibles \u00e0 42 ou 43\u00b0C sur le Centre, l\u2019Ile-de-France et la Champagne.<\/p>\n<p>\u00ab\u00a0Cette situation est associ\u00e9e \u00e0 une forte s\u00e9cheresse et \u00e0 une pollution \u00e0 l\u2019ozone\u00a0\u00bb, ajoute l\u2019\u00e9tablissement public.<\/p>\n<p>Cette alerte implique une canicule \u00ab\u00a0exceptionnelle\u00a0\u00bb et \u00ab\u00a0tr\u00e8s intense\u00a0\u00bb, avec le risque \u00ab\u00a0d\u2019effets collat\u00e9raux dans diff\u00e9rents secteurs (s\u00e9cheresse, approvisionnement en eau potable, saturation des h\u00f4pitaux ou des pompes fun\u00e8bres, panne d\u2019\u00e9lectricit\u00e9, feux de for\u00eats, n\u00e9cessit\u00e9 d\u2019am\u00e9nagement du temps de travail ou d\u2019arr\u00eat de certaines activit\u00e9s\u2026)\u00a0\u00bb.<\/p>\n<p>Cette situation d\u00e9clenche \u00ab\u00a0la mise en oeuvre de mesures exceptionnelles\u00a0\u00bb, avec \u00ab\u00a0une mobilisation maximale et une coordination\u00a0\u00bb entre les diff\u00e9rents minist\u00e8res concern\u00e9s et les acteurs locaux.<\/p>\n<p>Les pr\u00e9fets des d\u00e9partements plac\u00e9s en vigilance rouge peuvent ainsi interdire ou limiter l\u2019ampleur de certains \u00e9v\u00e9nements comme des manifestations sportives ou des festivals.<\/p>\n<p>Des consignes peuvent \u00e9galement \u00eatre diffus\u00e9es aux cr\u00e8ches, aux centres de loisirs et aux organismes accueillant des s\u00e9jours de vacances pour annuler les sorties, les activit\u00e9s sportives et les \u00e9v\u00e9nements festifs. Certains \u00e9tablissements peuvent m\u00eame \u00eatre amen\u00e9s \u00e0 fermer si la temp\u00e9rature dans leurs locaux est trop \u00e9lev\u00e9e.<\/p>\n<p>Les conseils de comportement (boire beaucoup d\u2019eau, \u00e9viter les efforts physiques, fr\u00e9quenter des endroits frais, mouiller son corps, a\u00e9rer la nuit\u2026) sont les m\u00eames que pour les d\u00e9partements en vigilance orange, mais avec une insistance sur le fait qu\u2019ils s\u2019appliquent m\u00eame pour les sujets en bonne sant\u00e9.<\/p>\n<p>\u00ab\u00a0Personne n\u2019est sans risque face \u00e0 de telles temp\u00e9ratures\u00a0\u00bb, a soulign\u00e9 Agn\u00e8s Buzyn.<\/p>\n<p>La vigilance rouge concerne tous les d\u00e9partements de l\u2019Ile-de-France (Paris et petite couronne, Seine-et-Marne, Yvelines, Essonne et Val-d\u2019Oise) et des Hauts-de-France (Aisne, Nord, Oise, Pas-de-Calais et Somme), ainsi que l\u2019Aube, l\u2019Eure, l\u2019Eure-et-Loir, le Loiret, la Marne, la Seine-Maritime et l\u2019Yonne.<\/p>\n<\/div>\n<p>Auteur: AFP<br \/>\n<a href=\"https:\/\/www.journalducameroun.com\/vigilance-rouge-un-niveau-dalerte-a-la-fois-meteo-et-sanitaire-2\/\">Cliquez ici pour lire l&rsquo;article depuis sa source.<\/a><\/p>\n","protected":false},"excerpt":{"rendered":"<p>Publi\u00e9 le 24.07.2019 \u00e0 21h50 par AFP La vigilance rouge canicule d\u00e9clar\u00e9e mercredi par M\u00e9t\u00e9o France pour 20 d\u00e9partements, le niveau le plus \u00e9lev\u00e9 du \u00ab\u00a0plan national canicule\u00a0\u00bb, correspond \u00e0 la fois \u00e0 un \u00e9v\u00e9nement m\u00e9t\u00e9orologique exceptionnel et \u00e0 une alerte sanitaire justifiant une \u00ab\u00a0mobilisation maximale\u00a0\u00bb. La derni\u00e8re marche de ce dispositif, cr\u00e9\u00e9 en 2004 [&hellip;]<\/p>\n","protected":false},"author":1965,"featured_media":0,"comment_status":"closed","ping_status":"closed","sticky":false,"template":"","format":"standard","meta":{"fifu_image_url":"","fifu_image_alt":"","footnotes":""},"categories":[73,82],"tags":[],"class_list":["post-48225","post","type-post","status-publish","format-standard","hentry","category-actualite","category-cameroun"],"_links":{"self":[{"href":"https:\/\/linitiative.ca\/International\/wp-json\/wp\/v2\/posts\/48225","targetHints":{"allow":["GET"]}}],"collection":[{"href":"https:\/\/linitiative.ca\/International\/wp-json\/wp\/v2\/posts"}],"about":[{"href":"https:\/\/linitiative.ca\/International\/wp-json\/wp\/v2\/types\/post"}],"author":[{"embeddable":true,"href":"https:\/\/linitiative.ca\/International\/wp-json\/wp\/v2\/users\/1965"}],"replies":[{"embeddable":true,"href":"https:\/\/linitiative.ca\/International\/wp-json\/wp\/v2\/comments?post=48225"}],"version-history":[{"count":0,"href":"https:\/\/linitiative.ca\/International\/wp-json\/wp\/v2\/posts\/48225\/revisions"}],"wp:attachment":[{"href":"https:\/\/linitiative.ca\/International\/wp-json\/wp\/v2\/media?parent=48225"}],"wp:term":[{"taxonomy":"category","embeddable":true,"href":"https:\/\/linitiative.ca\/International\/wp-json\/wp\/v2\/categories?post=48225"},{"taxonomy":"post_tag","embeddable":true,"href":"https:\/\/linitiative.ca\/International\/wp-json\/wp\/v2\/tags?post=48225"}],"curies":[{"name":"wp","href":"https:\/\/api.w.org\/{rel}","templated":true}]}}