{"id":48226,"date":"2019-07-24T16:50:04","date_gmt":"2019-07-24T20:50:04","guid":{"rendered":"https:\/\/linitiative.ca\/International\/dominic-raab-un-ultra-liberal-aux-affaires-etrangeres\/"},"modified":"2019-07-24T16:50:04","modified_gmt":"2019-07-24T20:50:04","slug":"dominic-raab-un-ultra-liberal-aux-affaires-etrangeres","status":"publish","type":"post","link":"https:\/\/linitiative.ca\/International\/dominic-raab-un-ultra-liberal-aux-affaires-etrangeres\/","title":{"rendered":"Dominic Raab, un ultra lib\u00e9ral aux Affaires \u00e9trang\u00e8res"},"content":{"rendered":"<div readability=\"32\">\n<p>Publi\u00e9 le 24.07.2019 \u00e0 21h50 par AFP<\/p>\n<\/div>\n<div readability=\"135\">\n<p>Nomm\u00e9 mercredi chef de la diplomatie britannique, Dominic Raab, 45 ans, un eurosceptique pur jus issu de la nouvelle garde des conservateurs britanniques, va devoir g\u00e9rer un dossier crucial: la crise des p\u00e9troliers avec l\u2019Iran.<\/p>\n<p>L\u2019an dernier, il n\u2019avait pas h\u00e9sit\u00e9 \u00e0 claquer la porte du gouvernement de Theresa May au bout de trois mois en tant que ministre du Brexit, jugeant sa strat\u00e9gie trop conciliante avec Bruxelles. Il remplace Jeremy Hunt, rival malheureux de Boris Johnson pour remplacer Theresa May, contraint au d\u00e9part.<\/p>\n<p>Avant le r\u00e9f\u00e9rendum sur l\u2019UE en 2016, il a milit\u00e9 au sein de la campagne officielle pour le Brexit \u00ab\u00a0Vote Leave\u00a0\u00bb et a plaid\u00e9 pour que le Royaume-Uni puisse \u00ab\u00a0reprendre le contr\u00f4le\u00a0\u00bb de ses fronti\u00e8res.<\/p>\n<p>Dominic Raab est \u00ab\u00a0coriace et lucide. Pas le genre de personne que vous pouvez intimider\u00a0\u00bb, avait d\u00e9clar\u00e9 en 2014 l\u2019ex-ministre du Brexit David Davis, qui louait \u00e9galement la \u00ab\u00a0loyaut\u00e9\u00a0\u00bb et le sens de la discipline de son ancien directeur de cabinet.<\/p>\n<p>Dominic Raab est un repr\u00e9sentant de la nouvelle g\u00e9n\u00e9ration de conservateurs qui a fait son entr\u00e9e au Parlement au cours des dix derni\u00e8res ann\u00e9es et frappe aux portes de l\u2019ex\u00e9cutif.<\/p>\n<p>Fils d\u2019un r\u00e9fugi\u00e9 juif tch\u00e8que d\u00e9barqu\u00e9 en 1938 au Royaume-Uni et d\u00e9c\u00e9d\u00e9 d\u2019un cancer alors qu\u2019il n\u2019avait que 12 ans, Dominic Raab a \u00e9t\u00e9 \u00e9lev\u00e9 par sa m\u00e8re dans la religion anglicane.<\/p>\n<p>Originaire du comt\u00e9 de Buckinghamshire, au nord-ouest de Londres, il \u00e9tudie le droit au sein des prestigieuses universit\u00e9s d\u2019Oxford et de Cambridge.<\/p>\n<p>Jeune dipl\u00f4m\u00e9, il commence une carri\u00e8re d\u2019avocat sp\u00e9cialis\u00e9 en droit international dans le cabinet Linklaters, \u00e0 Londres, puis int\u00e8gre en 2000 le minist\u00e8re des Affaires \u00e9trang\u00e8res, o\u00f9 il travaille notamment sur les questions li\u00e9es au terrorisme et \u00e0 la mer.<\/p>\n<p>En 2003, il part \u00e0 La Haye pour diriger une \u00e9quipe charg\u00e9e d\u2019oeuvrer contre les criminels de guerre, travaille sur les dossiers de Slobodan Milosevic, Radovan Radovan Karadzic et Charles Taylor.<\/p>\n<p>\u2013 Inspiration lib\u00e9rale \u2013<\/p>\n<p>Entre 2006 et 2008, il est directeur du cabinet de David Davis, alors charg\u00e9 des affaires int\u00e9rieures pour le Parti conservateur dans l\u2019opposition.<\/p>\n<p>Dominic Raab travaille ensuite avec le conservateur Dominic Grieve, aujourd\u2019hui un des principaux rebelles conservateurs pro-UE au Parlement britannique, avant d\u2019\u00eatre \u00e9lu pour la premi\u00e8re fois en 2010 \u00e0 Esher and Walton, circonscription acquise aux conservateurs.<\/p>\n<p>L\u2019ann\u00e9e 2011 lui offre des fortunes diverses. D\u00e9sign\u00e9 \u00ab\u00a0nouveau (parlementaire) de l\u2019ann\u00e9e\u00a0\u00bb par la revue The Spectator, il est aussi s\u00e9v\u00e8rement r\u00e9primand\u00e9 par Theresa May, alors ministre de l\u2019Int\u00e9rieur, pour avoir qualifi\u00e9 les f\u00e9ministes de \u00ab\u00a0fanatiques insupportables\u00a0\u00bb.<\/p>\n<p>En 2014, le jeune d\u00e9put\u00e9 se fait un nom en pr\u00e9sentant un amendement destin\u00e9 \u00e0 r\u00e9duire la possibilit\u00e9 pour les juges de bloquer des extraditions en se basant sur des r\u00e9glementations europ\u00e9ennes.<\/p>\n<p>Il rejoint en 2015 le gouvernement conservateur de David Cameron en tant que sous-secr\u00e9taire d\u2019Etat \u00e0 la Justice, son tout premier poste au sein de l\u2019ex\u00e9cutif britannique, mais quitte ses fonctions en juillet 2016 quand Theresa May devient Premi\u00e8re ministre, dans la foul\u00e9e du r\u00e9f\u00e9rendum sur l\u2019UE.<\/p>\n<p>Il fait son retour au gouvernement en juin 2017, devenant secr\u00e9taire d\u2019Etat \u00e0 la Justice, puis au Logement, en janvier.<\/p>\n<p>De conviction tr\u00e8s lib\u00e9rale, ce pourfendeur de la bureaucratie se pr\u00e9sente comme un d\u00e9fenseur de la d\u00e9mocratie locale, de la libert\u00e9 d\u2019expression et des baisses d\u2019imp\u00f4ts.<\/p>\n<p>Mari\u00e9, p\u00e8re de deux gar\u00e7ons, Peter et Joshua, il est 3e dan de karat\u00e9 et grand amateur de boxe.<\/p>\n<\/div>\n<p>Auteur: AFP<br \/>\n<a href=\"https:\/\/www.journalducameroun.com\/dominic-raab-un-ultra-liberal-aux-affaires-etrangeres\/\">Cliquez ici pour lire l&rsquo;article depuis sa source.<\/a><\/p>\n","protected":false},"excerpt":{"rendered":"<p>Publi\u00e9 le 24.07.2019 \u00e0 21h50 par AFP Nomm\u00e9 mercredi chef de la diplomatie britannique, Dominic Raab, 45 ans, un eurosceptique pur jus issu de la nouvelle garde des conservateurs britanniques, va devoir g\u00e9rer un dossier crucial: la crise des p\u00e9troliers avec l\u2019Iran. L\u2019an dernier, il n\u2019avait pas h\u00e9sit\u00e9 \u00e0 claquer la porte du gouvernement de [&hellip;]<\/p>\n","protected":false},"author":1965,"featured_media":0,"comment_status":"closed","ping_status":"closed","sticky":false,"template":"","format":"standard","meta":{"fifu_image_url":"","fifu_image_alt":"","footnotes":""},"categories":[73,82],"tags":[],"class_list":["post-48226","post","type-post","status-publish","format-standard","hentry","category-actualite","category-cameroun"],"_links":{"self":[{"href":"https:\/\/linitiative.ca\/International\/wp-json\/wp\/v2\/posts\/48226","targetHints":{"allow":["GET"]}}],"collection":[{"href":"https:\/\/linitiative.ca\/International\/wp-json\/wp\/v2\/posts"}],"about":[{"href":"https:\/\/linitiative.ca\/International\/wp-json\/wp\/v2\/types\/post"}],"author":[{"embeddable":true,"href":"https:\/\/linitiative.ca\/International\/wp-json\/wp\/v2\/users\/1965"}],"replies":[{"embeddable":true,"href":"https:\/\/linitiative.ca\/International\/wp-json\/wp\/v2\/comments?post=48226"}],"version-history":[{"count":0,"href":"https:\/\/linitiative.ca\/International\/wp-json\/wp\/v2\/posts\/48226\/revisions"}],"wp:attachment":[{"href":"https:\/\/linitiative.ca\/International\/wp-json\/wp\/v2\/media?parent=48226"}],"wp:term":[{"taxonomy":"category","embeddable":true,"href":"https:\/\/linitiative.ca\/International\/wp-json\/wp\/v2\/categories?post=48226"},{"taxonomy":"post_tag","embeddable":true,"href":"https:\/\/linitiative.ca\/International\/wp-json\/wp\/v2\/tags?post=48226"}],"curies":[{"name":"wp","href":"https:\/\/api.w.org\/{rel}","templated":true}]}}