{"id":48233,"date":"2019-07-24T03:31:38","date_gmt":"2019-07-24T07:31:38","guid":{"rendered":"https:\/\/linitiative.ca\/International\/transport-stecy-s-a-entre-dans-un-tunnel\/"},"modified":"2019-07-24T03:31:38","modified_gmt":"2019-07-24T07:31:38","slug":"transport-stecy-s-a-entre-dans-un-tunnel","status":"publish","type":"post","link":"https:\/\/linitiative.ca\/International\/transport-stecy-s-a-entre-dans-un-tunnel\/","title":{"rendered":"Transport : STECY S.A entre dans un tunnel"},"content":{"rendered":"<p><a href=\"https:\/\/ecomatin.net\/transport-urbain-le-personnel-de-la-societe-stecy-s-a-aux-abois\/\">Apr\u00e8s un bref arr\u00eat d\u2019activit\u00e9s d\u00fb \u00e0 une gr\u00e8ve de son personnel<\/a>, les bus de la Soci\u00e9t\u00e9 de transport et d\u2019\u00e9quipements collectifs de Yaound\u00e9 (<strong>Stecy S.A<\/strong>) sont de nouveau visibles sur certaines rues de la capitale depuis mercredi apr\u00e8s-midi. Le top management a indiqu\u00e9 avoir trouv\u00e9 un compromis avec les employ\u00e9s pour assurer le service minimum sur les lignes (Soa-Ngoa Ekelle), (Nkoabang-Messa), (Ebang-Messa),\u00a0 (Acropole-Odza borne 12) et (Camtel-Leboudi), en attendant la tenue d\u2019une session extraordinaire du conseil d\u2019administration qui, visiblement, ne promet pas de grands changements. Les sept autres lignes sont suspendues jusqu\u2019\u00e0 nouvel ordre. A moins que le partenaire portugais <strong>Eximtrans Sarl\/Irmaos Mota,<\/strong> qui g\u00e8re cette entreprise sous la forme d\u2019un partenariat public-priv\u00e9 avec la communaut\u00e9 urbaine de Yaound\u00e9, n\u2019apporte lui-m\u00eame les financements n\u00e9cessaires au r\u00e9\u00e9quilibrage de la tr\u00e9sorerie de Stecy S.A. L\u2019on aurait esp\u00e9r\u00e9 aussi que la partie camerounaise, qui avait pris l\u2019engagement de perfuser l\u2019entreprise \u00e0 hauteur de <strong>1,6 milliard Fcfa<\/strong> chaque ann\u00e9e, puisse enfin d\u00e9bloquer les <strong>3,35 milliards Fcfa<\/strong> qui repr\u00e9sentent aujourd\u2019hui sa dette aupr\u00e8s de Stecy S.A.<\/p>\n<hr\/>\n<h4><strong>>> Lire aussi \u2013 <a title=\"La Soci\u00e9t\u00e9 Stecy SA reprend du service \u00e0 Yaound\u00e9\" href=\"https:\/\/ecomatin.net\/transport-de-masse-la-societe-stecy-sa-reprend-du-service-a-yaounde\/\" target=\"_blank\" rel=\"noopener noreferrer\">La Soci\u00e9t\u00e9 Stecy SA reprend du service \u00e0 Yaound\u00e9<\/a><br \/><\/strong><\/h4>\n<hr\/>\n<p>Mais, dans un contexte global de raret\u00e9 des ressources, cet espoir est mince \u00e0 court, voire \u00e0 moyen terme. Cela dit, elle doit faire preuve de sa bonne foi. Car, qu\u2019on se le dise, le tourbillon dans lequel entre STECY S.A rappelle avec pr\u00e9cision celle de son pr\u00e9d\u00e9cesseur \u00ab <strong><em>Le Bus<\/em><\/strong> \u00bb, qui a fonctionn\u00e9 \u00e0 la petite pendant ses quatre derni\u00e8res ann\u00e9es d\u2019activit\u00e9, avant de mettre d\u00e9finitivement la cl\u00e9 sous le paillasson en 2016, sans avoir sold\u00e9 sa dette\u00a0 salariale de plus <strong>de 835,4 millions Fcfa<\/strong>, sans compter celle sociale.<\/p>\n<p>Le portugais Eximtrans Sarl\/Irmaos Mota, lui-m\u00eame, n\u2019a pas rempli \u00e0 la lettre sa part du contrat. Des <strong>43 bus<\/strong> mis en circulation \u00e0 partir du 13 f\u00e9vrier 2017, moins d\u2019une vingtaine est encore en service et ceux-ci tombent r\u00e9guli\u00e8rement en panne. Ajout\u00e9es \u00e0 l\u2019absence de climatisation dans les v\u00e9hicules, ces pannes impactent s\u00e9rieusement le taux de fr\u00e9quentation des bus de la soci\u00e9t\u00e9. Il avait pourtant promis de mettre en circulation plus de <strong>120 bus<\/strong> et d\u2019investir <strong>13 milliards Fcfa<\/strong> sur la p\u00e9riode 2017-2027. Il doit pouvoir faire la lumi\u00e8re sur ces engagements.<\/p>\n<div class=\"about-author about-author-box container-wrapper\">\n<div class=\"author-avatar\">\n<p><img decoding=\"async\" src=\"http:\/\/\" alt=\"\"\/><\/p>\n<\/div>\n<p><h4>La R\u00e9daction EcoMatin<\/h4>\n<\/p>\n<\/div>\n<div class=\"awac-wrapper awac widget blog_subscription-2\">\n<h4 class=\"widget-title\">Abonnez-vous \u00e0 notre lettre d&rsquo;information<\/h4>\n<\/div>\n<p>Auteur: EcoMatin<br \/>\n<a href=\"https:\/\/ecomatin.net\/transport-stecy-s-a-entre-dans-un-tunnel\/\">Cliquez ici pour lire l&rsquo;article depuis sa source.<\/a><\/p>\n","protected":false},"excerpt":{"rendered":"<p>Apr\u00e8s un bref arr\u00eat d\u2019activit\u00e9s d\u00fb \u00e0 une gr\u00e8ve de son personnel, les bus de la Soci\u00e9t\u00e9 de transport et d\u2019\u00e9quipements collectifs de Yaound\u00e9 (Stecy S.A) sont de nouveau visibles sur certaines rues de la capitale depuis mercredi apr\u00e8s-midi. Le top management a indiqu\u00e9 avoir trouv\u00e9 un compromis avec les employ\u00e9s pour assurer le service [&hellip;]<\/p>\n","protected":false},"author":1969,"featured_media":0,"comment_status":"closed","ping_status":"closed","sticky":false,"template":"","format":"standard","meta":{"fifu_image_url":"","fifu_image_alt":"","footnotes":""},"categories":[82,78],"tags":[],"class_list":["post-48233","post","type-post","status-publish","format-standard","hentry","category-cameroun","category-economie"],"_links":{"self":[{"href":"https:\/\/linitiative.ca\/International\/wp-json\/wp\/v2\/posts\/48233","targetHints":{"allow":["GET"]}}],"collection":[{"href":"https:\/\/linitiative.ca\/International\/wp-json\/wp\/v2\/posts"}],"about":[{"href":"https:\/\/linitiative.ca\/International\/wp-json\/wp\/v2\/types\/post"}],"author":[{"embeddable":true,"href":"https:\/\/linitiative.ca\/International\/wp-json\/wp\/v2\/users\/1969"}],"replies":[{"embeddable":true,"href":"https:\/\/linitiative.ca\/International\/wp-json\/wp\/v2\/comments?post=48233"}],"version-history":[{"count":0,"href":"https:\/\/linitiative.ca\/International\/wp-json\/wp\/v2\/posts\/48233\/revisions"}],"wp:attachment":[{"href":"https:\/\/linitiative.ca\/International\/wp-json\/wp\/v2\/media?parent=48233"}],"wp:term":[{"taxonomy":"category","embeddable":true,"href":"https:\/\/linitiative.ca\/International\/wp-json\/wp\/v2\/categories?post=48233"},{"taxonomy":"post_tag","embeddable":true,"href":"https:\/\/linitiative.ca\/International\/wp-json\/wp\/v2\/tags?post=48233"}],"curies":[{"name":"wp","href":"https:\/\/api.w.org\/{rel}","templated":true}]}}