{"id":48234,"date":"2019-07-24T03:52:08","date_gmt":"2019-07-24T07:52:08","guid":{"rendered":"https:\/\/linitiative.ca\/International\/une-ecomatin-n261-actuellement-en-kiosque\/"},"modified":"2019-07-24T03:52:08","modified_gmt":"2019-07-24T07:52:08","slug":"une-ecomatin-n261-actuellement-en-kiosque","status":"publish","type":"post","link":"https:\/\/linitiative.ca\/International\/une-ecomatin-n261-actuellement-en-kiosque\/","title":{"rendered":"Une EcoMatin N\u00b0261 actuellement en kiosque"},"content":{"rendered":"<h4><span class=\"c2\"><strong><a href=\"https:\/\/i0.wp.com\/ecomatin.net\/wp-content\/uploads\/2019\/07\/ecomatin.net-couv-n261-du-mercredi-24-juillet-2019-1.jpg?ssl=1\"><\/p>\n<p><img loading=\"lazy\" decoding=\"async\" data-attachment-id=\"9782\" data-permalink=\"https:\/\/ecomatin.net\/couv-n258-du-lundi-15-juillet-2019-1\/\" data-orig-file=\"https:\/\/i2.wp.com\/ecomatin.net\/wp-content\/uploads\/2019\/07\/ecomatin.net-couv-n258-du-lundi-15-juillet-2019-1.jpg?fit=1723%2C2362&#038;ssl=1\" data-orig-size=\"1723,2362\" data-comments-opened=\"0\" data-image-meta=\"{\"aperture\":\"0\",\"credit\":\"\",\"camera\":\"\",\"caption\":\"\",\"created_timestamp\":\"0\",\"copyright\":\"\",\"focal_length\":\"0\",\"iso\":\"0\",\"shutter_speed\":\"0\",\"title\":\"\",\"orientation\":\"1\"}\" data-image-title=\"couv-N\u00b0258 du lundi 15 juillet 2019-1\" data-image-description=\"\" data-medium-file=\"https:\/\/i2.wp.com\/ecomatin.net\/wp-content\/uploads\/2019\/07\/ecomatin.net-couv-n258-du-lundi-15-juillet-2019-1.jpg?fit=219%2C300&#038;ssl=1\" data-large-file=\"https:\/\/i2.wp.com\/ecomatin.net\/wp-content\/uploads\/2019\/07\/ecomatin.net-couv-n258-du-lundi-15-juillet-2019-1.jpg?fit=747%2C1024&#038;ssl=1\" class=\"wp-image-9782 alignleft\" src=\"https:\/\/i0.wp.com\/ecomatin.net\/wp-content\/uploads\/2019\/07\/ecomatin.net-couv-n261-du-mercredi-24-juillet-2019-1.jpg?resize=268%2C367&#038;ssl=1\" alt=\"\" width=\"268\" height=\"367\" data-recalc-dims=\"1\"\/><\/p>\n<p><\/a><\/strong><\/span><\/h4>\n<h4><span class=\"c2\"><strong>A la<\/strong> <strong>une:<\/strong><\/span><\/h4>\n<p><strong><span class=\"c4\"><span class=\"c3\">\u2013<\/span><\/span><\/strong> <strong><span class=\"c5\">MC2 : les non-dits du d\u00e9part de Paul Kammogne Fokam<\/span><\/strong><\/p>\n<h4><span class=\"c3\">Business<\/span><\/h4>\n<p><span class=\"c5\"><span class=\"c3\">\u2013<\/span> Entrepreneuriat : l\u2019appui de Soci\u00e9t\u00e9 G\u00e9n\u00e9rale aux PME camerounaises<\/span><br \/><span class=\"c5\"><span class=\"c3\">\u2013<\/span> Medef-Gicam : Partenariat relanc\u00e9 pour am\u00e9liorer l\u2019environnement des affaires<\/span><br \/><span class=\"c5\"><span class=\"c3\">\u2013<\/span> Innovation : les billets d\u2019avions Camair-Co d\u00e9sormais accessibles par Mobile Money<\/span><br \/><span class=\"c5\"><span class=\"c3\">\u2013<\/span> Commerce international : le cacao rouge du Cameroun bient\u00f4t lab\u00e9lis\u00e9<\/span><\/p>\n<h4><span class=\"c3\">Conjoncture<\/span><\/h4>\n<p><span class=\"c5\"><span class=\"c3\">\u2013<\/span> Projets int\u00e9grateurs : la Bdeac attribue l\u2019\u00e9chec aux Etats<\/span><\/p>\n<p><span class=\"c5\"><span class=\"c3\">\u2013<\/span> Fisc : plus de 56 milliards d\u2019impay\u00e9s dus par la Sonara<\/span><\/p>\n<p>Auteur: EcoMatin<br \/>\n<a href=\"https:\/\/ecomatin.net\/une-ecomatin-n261-actuellement-en-kiosque\/\">Cliquez ici pour lire l&rsquo;article depuis sa source.<\/a><\/p>\n","protected":false},"excerpt":{"rendered":"<p>A la une: \u2013 MC2 : les non-dits du d\u00e9part de Paul Kammogne Fokam Business \u2013 Entrepreneuriat : l\u2019appui de Soci\u00e9t\u00e9 G\u00e9n\u00e9rale aux PME camerounaises\u2013 Medef-Gicam : Partenariat relanc\u00e9 pour am\u00e9liorer l\u2019environnement des affaires\u2013 Innovation : les billets d\u2019avions Camair-Co d\u00e9sormais accessibles par Mobile Money\u2013 Commerce international : le cacao rouge du Cameroun bient\u00f4t lab\u00e9lis\u00e9 [&hellip;]<\/p>\n","protected":false},"author":1969,"featured_media":0,"comment_status":"closed","ping_status":"closed","sticky":false,"template":"","format":"standard","meta":{"fifu_image_url":"","fifu_image_alt":"","footnotes":""},"categories":[82,78],"tags":[],"class_list":["post-48234","post","type-post","status-publish","format-standard","hentry","category-cameroun","category-economie"],"_links":{"self":[{"href":"https:\/\/linitiative.ca\/International\/wp-json\/wp\/v2\/posts\/48234","targetHints":{"allow":["GET"]}}],"collection":[{"href":"https:\/\/linitiative.ca\/International\/wp-json\/wp\/v2\/posts"}],"about":[{"href":"https:\/\/linitiative.ca\/International\/wp-json\/wp\/v2\/types\/post"}],"author":[{"embeddable":true,"href":"https:\/\/linitiative.ca\/International\/wp-json\/wp\/v2\/users\/1969"}],"replies":[{"embeddable":true,"href":"https:\/\/linitiative.ca\/International\/wp-json\/wp\/v2\/comments?post=48234"}],"version-history":[{"count":0,"href":"https:\/\/linitiative.ca\/International\/wp-json\/wp\/v2\/posts\/48234\/revisions"}],"wp:attachment":[{"href":"https:\/\/linitiative.ca\/International\/wp-json\/wp\/v2\/media?parent=48234"}],"wp:term":[{"taxonomy":"category","embeddable":true,"href":"https:\/\/linitiative.ca\/International\/wp-json\/wp\/v2\/categories?post=48234"},{"taxonomy":"post_tag","embeddable":true,"href":"https:\/\/linitiative.ca\/International\/wp-json\/wp\/v2\/tags?post=48234"}],"curies":[{"name":"wp","href":"https:\/\/api.w.org\/{rel}","templated":true}]}}