{"id":48237,"date":"2019-07-24T05:15:20","date_gmt":"2019-07-24T09:15:20","guid":{"rendered":"https:\/\/linitiative.ca\/International\/cameroun-suisse-haro-sur-la-double-imposition-en-matiere-dimpot-sur-le-revenu\/"},"modified":"2019-07-24T05:15:20","modified_gmt":"2019-07-24T09:15:20","slug":"cameroun-suisse-haro-sur-la-double-imposition-en-matiere-dimpot-sur-le-revenu","status":"publish","type":"post","link":"https:\/\/linitiative.ca\/International\/cameroun-suisse-haro-sur-la-double-imposition-en-matiere-dimpot-sur-le-revenu\/","title":{"rendered":"Cameroun-Suisse : haro sur la double imposition  en mati\u00e8re d\u2019imp\u00f4t sur le revenu"},"content":{"rendered":"<div class=\"featured-area featured-area-inner\" readability=\"8\"><img loading=\"lazy\" decoding=\"async\" width=\"780\" height=\"405\" src=\"https:\/\/i0.wp.com\/ecomatin.net\/wp-content\/uploads\/2019\/07\/ecomatin.net-cameroun-suisse-haro-sur-la-double-imposition-en-matiere-dimpot-sur-le-revenu-amb-suisse.jpg?resize=780%2C405&#038;ssl=1&#038;is-pending-load=1\" class=\"attachment-jannah-image-post size-jannah-image-post wp-post-image jetpack-lazy-image\" alt=\"\" data-attachment-id=\"10137\" data-permalink=\"https:\/\/ecomatin.net\/cameroun-suisse-haro-sur-la-double-imposition-en-matiere-dimpot-sur-le-revenu\/amb-suisse\/\" data-orig-file=\"https:\/\/i0.wp.com\/ecomatin.net\/wp-content\/uploads\/2019\/07\/ecomatin.net-cameroun-suisse-haro-sur-la-double-imposition-en-matiere-dimpot-sur-le-revenu-amb-suisse.jpg?fit=822%2C592&#038;ssl=1\" data-orig-size=\"822,592\" data-comments-opened=\"0\" data-image-meta=\"{\"aperture\":\"0\",\"credit\":\"\",\"camera\":\"\",\"caption\":\"\",\"created_timestamp\":\"0\",\"copyright\":\"\",\"focal_length\":\"0\",\"iso\":\"0\",\"shutter_speed\":\"0\",\"title\":\"\",\"orientation\":\"1\"}\" data-image-title=\"Amb Suisse\" data-image-description=\"\" data-medium-file=\"https:\/\/i0.wp.com\/ecomatin.net\/wp-content\/uploads\/2019\/07\/ecomatin.net-cameroun-suisse-haro-sur-la-double-imposition-en-matiere-dimpot-sur-le-revenu-amb-suisse.jpg?fit=300%2C216&#038;ssl=1\" data-large-file=\"https:\/\/i0.wp.com\/ecomatin.net\/wp-content\/uploads\/2019\/07\/ecomatin.net-cameroun-suisse-haro-sur-la-double-imposition-en-matiere-dimpot-sur-le-revenu-amb-suisse.jpg?fit=822%2C592&#038;ssl=1\" srcset=\"data:image\/gif;base64,R0lGODlhAQABAIAAAAAAAP\/\/\/yH5BAEAAAAALAAAAAABAAEAAAIBRAA7\"\/> S.E. Pietro Lazzeri, Ambassadeur de Suisse au Cameroun<\/div>\n<div class=\"entry-content entry clearfix\" readability=\"61\">\n<p>Le Cameroun et la conf\u00e9d\u00e9ration suisse ont franchi un nouveau pas en mati\u00e8re de fiscalit\u00e9. Lundi 22 juillet, le ministre des Finances <strong>Louis Paul Motaze<\/strong> qui \u00e9tait accompagn\u00e9 de <strong>Pietro Lazzeri<\/strong>, l\u2019ambassadeur de la Suisse au Cameroun a ouvert\u00a0 les n\u00e9gociations\u00a0 pour la conclusion d\u2019un accord en vue d\u2019\u00e9viter la double imposition en mati\u00e8re d\u2019imp\u00f4ts sur le revenu et de pr\u00e9venir la fraude et l\u2019\u00e9vasion fiscales. Objectif vis\u00e9\u00a0: permettre aux entreprises se trouvant dans les deux pays d\u2019exercer sans automatiquement payer les imp\u00f4ts.<\/p>\n<p>Les assises, deuxi\u00e8me du genre apr\u00e8s celles de Suisse en juin 2017, devraient en principe aboutir \u00e0 une convention contre la double imposition \u00ab<em>\u00a0Il est question d\u2019avoir une fiscalit\u00e9 comp\u00e9titive. Le ministre Motaze et le ministre Suisse des Finances avaient ouvert en juin 2018 ces n\u00e9gociations. Nous esp\u00e9rons les finaliser cette semaine et d\u2019avancer ensemble pour avoir plus d\u2019investissements et une pr\u00e9sence des entreprises de qualit\u00e9 qui participent au d\u00e9veloppement de l\u2019\u00e9conomie camerounaise<\/em>\u00a0\u00bb a expliqu\u00e9 <strong>Pietro Lazzeri<\/strong>, ambassadeur de Suisse au Cameroun. \u00a0\u00a0Les travaux ouverts le 22 pour s\u2019achever le 26 juillet 2019 viendront renforcer la coop\u00e9ration Cameroun-suisse entam\u00e9e en 1960 gr\u00e2ce aux activit\u00e9s commerciales, en rapport avec le cacao. \u00a0Avec des entreprises\u00a0 comme <strong>Chococam, Nestle, Sic Cacao, Moulins d\u2019Afrique,<\/strong> et dont les investissements<strong>,<\/strong> et dont les investissements sont de l\u2019ordre de plus de 160 milliards FCFA entre 2012-2017.<\/p>\n<p>Il est aussi question\u00a0 avec un cadre fiscal plus clair et stimulant de booster la comp\u00e9titivit\u00e9 des entreprises, de favoriser un partenariat gagnant-gagnant entre les deux Etats mais aussi de lutter contre la fraude et l\u2019\u00e9vasion fiscale. \u00ab<em>\u00a0Si vous voulez attirer les investisseurs, ces derniers doivent avoir la conviction qu\u2019ils ne vont pas \u00eatre impos\u00e9s dans leurs pays d\u2019accueil ici au Cameroun. D\u2019o\u00f9\u00a0 l\u2019importance de s\u2019entendre sur ce probl\u00e8me de non-imposition\u00a0<\/em>\u00bb pr\u00e9cise Louis Paul Motaze. \u00a0D\u2019apr\u00e8s lui,\u00a0 dans un contexte d\u2019optimisation des recettes non-p\u00e9troli\u00e8res la collecte des imp\u00f4ts doit \u00eatre plus que jamais rigoureuse. \u00ab\u00a0<em>Nous devons faire un effort\u00a0 pour accro\u00eetre les recettes non p\u00e9troli\u00e8res pour \u00eatre moins d\u00e9pendant des produits p\u00e9troliers. Et donc pour \u00eatre beaucoup plus r\u00e9silient, les imp\u00f4ts jouent un r\u00f4le important. C\u2019est pour cela que cette bataille\u00a0 que nous menions \u00e9galement contre la fraude, contre ces optimisations fiscales qui minorent les imp\u00f4ts \u00e0 payer est importante. Nous avons la chance d\u2019avoir les partenaires<\/em>\u00a0\u00bb a rassur\u00e9 le Minfi.<\/p>\n<div class=\"about-author about-author-box container-wrapper\">\n<div class=\"author-avatar\">\n<p><img decoding=\"async\" src=\"http:\/\/\" alt=\"\"\/><\/p>\n<\/div>\n<p><h4>La R\u00e9daction EcoMatin<\/h4>\n<\/p>\n<\/div>\n<div class=\"awac-wrapper awac widget blog_subscription-2\">\n<h4 class=\"widget-title\">Abonnez-vous \u00e0 notre lettre d&rsquo;information<\/h4>\n<\/div>\n<\/div>\n<div class=\"toggle-post-content clearfix\"><a id=\"toggle-post-button\" class=\"button\" href=\"#\">Afficher plus <\/a><\/div>\n<p>Auteur: EcoMatin<br \/>\n<a href=\"https:\/\/ecomatin.net\/cameroun-suisse-haro-sur-la-double-imposition-en-matiere-dimpot-sur-le-revenu\/\">Cliquez ici pour lire l&rsquo;article depuis sa source.<\/a><\/p>\n","protected":false},"excerpt":{"rendered":"<p>S.E. Pietro Lazzeri, Ambassadeur de Suisse au Cameroun Le Cameroun et la conf\u00e9d\u00e9ration suisse ont franchi un nouveau pas en mati\u00e8re de fiscalit\u00e9. Lundi 22 juillet, le ministre des Finances Louis Paul Motaze qui \u00e9tait accompagn\u00e9 de Pietro Lazzeri, l\u2019ambassadeur de la Suisse au Cameroun a ouvert\u00a0 les n\u00e9gociations\u00a0 pour la conclusion d\u2019un accord en [&hellip;]<\/p>\n","protected":false},"author":1969,"featured_media":0,"comment_status":"closed","ping_status":"closed","sticky":false,"template":"","format":"standard","meta":{"fifu_image_url":"","fifu_image_alt":"","footnotes":""},"categories":[82,78],"tags":[],"class_list":["post-48237","post","type-post","status-publish","format-standard","hentry","category-cameroun","category-economie"],"_links":{"self":[{"href":"https:\/\/linitiative.ca\/International\/wp-json\/wp\/v2\/posts\/48237","targetHints":{"allow":["GET"]}}],"collection":[{"href":"https:\/\/linitiative.ca\/International\/wp-json\/wp\/v2\/posts"}],"about":[{"href":"https:\/\/linitiative.ca\/International\/wp-json\/wp\/v2\/types\/post"}],"author":[{"embeddable":true,"href":"https:\/\/linitiative.ca\/International\/wp-json\/wp\/v2\/users\/1969"}],"replies":[{"embeddable":true,"href":"https:\/\/linitiative.ca\/International\/wp-json\/wp\/v2\/comments?post=48237"}],"version-history":[{"count":0,"href":"https:\/\/linitiative.ca\/International\/wp-json\/wp\/v2\/posts\/48237\/revisions"}],"wp:attachment":[{"href":"https:\/\/linitiative.ca\/International\/wp-json\/wp\/v2\/media?parent=48237"}],"wp:term":[{"taxonomy":"category","embeddable":true,"href":"https:\/\/linitiative.ca\/International\/wp-json\/wp\/v2\/categories?post=48237"},{"taxonomy":"post_tag","embeddable":true,"href":"https:\/\/linitiative.ca\/International\/wp-json\/wp\/v2\/tags?post=48237"}],"curies":[{"name":"wp","href":"https:\/\/api.w.org\/{rel}","templated":true}]}}