{"id":48241,"date":"2019-07-25T06:09:27","date_gmt":"2019-07-25T10:09:27","guid":{"rendered":"https:\/\/linitiative.ca\/International\/telecommunications-les-operateurs-a-lheure-des-alliances-strategiques\/"},"modified":"2019-07-25T06:09:27","modified_gmt":"2019-07-25T10:09:27","slug":"telecommunications-les-operateurs-a-lheure-des-alliances-strategiques","status":"publish","type":"post","link":"https:\/\/linitiative.ca\/International\/telecommunications-les-operateurs-a-lheure-des-alliances-strategiques\/","title":{"rendered":"T\u00e9l\u00e9communications : les op\u00e9rateurs \u00e0 l\u2019heure des alliances strat\u00e9giques"},"content":{"rendered":"<div class=\"featured-area featured-area-inner\"><img loading=\"lazy\" decoding=\"async\" width=\"780\" height=\"405\" src=\"https:\/\/i1.wp.com\/ecomatin.net\/wp-content\/uploads\/2019\/07\/ecomatin.net-telecommunications-les-operateurs-a-lheure-des-alliances-strategiques-telephonie-mobile.jpg?resize=780%2C405&#038;ssl=1&#038;is-pending-load=1\" class=\"attachment-jannah-image-post size-jannah-image-post wp-post-image jetpack-lazy-image\" alt=\"\" data-attachment-id=\"10148\" data-permalink=\"https:\/\/ecomatin.net\/telecommunications-les-operateurs-a-lheure-des-alliances-strategiques\/telephonie-mobile\/\" data-orig-file=\"https:\/\/i1.wp.com\/ecomatin.net\/wp-content\/uploads\/2019\/07\/ecomatin.net-telecommunications-les-operateurs-a-lheure-des-alliances-strategiques-telephonie-mobile.jpg?fit=1600%2C900&#038;ssl=1\" data-orig-size=\"1600,900\" data-comments-opened=\"0\" data-image-meta=\"{\"aperture\":\"0\",\"credit\":\"\",\"camera\":\"\",\"caption\":\"\",\"created_timestamp\":\"0\",\"copyright\":\"\",\"focal_length\":\"0\",\"iso\":\"0\",\"shutter_speed\":\"0\",\"title\":\"\",\"orientation\":\"0\"}\" data-image-title=\"t\u00e9l\u00e9phonie mobile\" data-image-description=\"\" data-medium-file=\"https:\/\/i1.wp.com\/ecomatin.net\/wp-content\/uploads\/2019\/07\/ecomatin.net-telecommunications-les-operateurs-a-lheure-des-alliances-strategiques-telephonie-mobile.jpg?fit=300%2C169&#038;ssl=1\" data-large-file=\"https:\/\/i1.wp.com\/ecomatin.net\/wp-content\/uploads\/2019\/07\/ecomatin.net-telecommunications-les-operateurs-a-lheure-des-alliances-strategiques-telephonie-mobile.jpg?fit=1024%2C576&#038;ssl=1\" data-lazy-srcset=\"https:\/\/i1.wp.com\/ecomatin.net\/wp-content\/uploads\/2019\/07\/ecomatin.net-telecommunications-les-operateurs-a-lheure-des-alliances-strategiques-telephonie-mobile.jpg?resize=780%2C405&#038;ssl=1 780w, https:\/\/i1.wp.com\/ecomatin.net\/wp-content\/uploads\/2019\/07\/ecomatin.net-telecommunications-les-operateurs-a-lheure-des-alliances-strategiques-telephonie-mobile.jpg?zoom=2&#038;resize=780%2C405&#038;ssl=1 1560w\" data-lazy-sizes=\"(max-width: 780px) 100vw, 780px\" srcset=\"data:image\/gif;base64,R0lGODlhAQABAIAAAAAAAP\/\/\/yH5BAEAAAAALAAAAAABAAEAAAIBRAA7\"\/><\/div>\n<div class=\"entry-content entry clearfix\" readability=\"66.8823529412\">\n<p>L\u2019union fait la force. Dans la t\u00e9l\u00e9phonie mobile au Cameroun, les acteurs l\u2019ont certainement compris. Et la tendance actuelle est aux regroupements, tant pour la d\u00e9fense de leurs int\u00e9r\u00eats, que pour plus d\u2019efficacit\u00e9\u00a0 dans leur domaine d\u2019activit\u00e9. C\u2019est ainsi qu\u2019\u00e0 l\u2019initiative de <strong>Fr\u00e9deric Debord<\/strong>, directeur g\u00e9n\u00e9ral d\u2019<strong>Orange Cameroun<\/strong> et <strong>Mo\u00efse Bayi<\/strong>, celui de <strong>Nexttel<\/strong>, il existe d\u00e9sormais l\u2019<strong>Association des op\u00e9rateurs concessionnaires de t\u00e9l\u00e9phonie mobile au Cameroun<\/strong> (<strong>AOCTM<\/strong>). \u00ab\u2009<em>La cr\u00e9ation de cette association va dans le bon sens. Elle donnera davantage de passerelles d\u2019\u00e9changes et de partage entre op\u00e9rateurs t\u00e9l\u00e9com, r\u00e9gulateur et administration de tutelle<\/em>\u2009\u00bb, indique Fr\u00e9deric Debord, par ailleurs pr\u00e9sident de l\u2019AOCTM. Dans le d\u00e9tail, cette nouvelle organisation entend promouvoir le d\u00e9veloppement des communications \u00e9lectroniques et des op\u00e9rateurs de t\u00e9l\u00e9phonie mobile au Cameroun, entreprendre toutes les actions appropri\u00e9es en vue de prot\u00e9ger les int\u00e9r\u00eats collectifs de ses membres, y compris par le biais de proc\u00e9dures administratives ou judiciaires. Les statuts de l\u2019AOCTM indiquent que l\u2019association est ouverte \u00e0 tous les op\u00e9rateurs signataires d\u2019une convention de concession de t\u00e9l\u00e9phonie mobile avec l\u2019\u00c9tat du Cameroun et d\u00e9clar\u00e9s comme tels aupr\u00e8s de l\u2019<strong>Agence de r\u00e9gulation des t\u00e9l\u00e9communications<\/strong> (<strong>ART<\/strong>). Sont d\u2019ores et d\u00e9j\u00e0 \u00e9ligibles : Orange, Nexttel et MTN.<\/p>\n<p>M\u00eame si le but n\u2019est pas avou\u00e9, le regroupement des entreprises de t\u00e9l\u00e9phonie mobile au Cameroun au sein d\u2019une seule et m\u00eame association ressemble davantage \u00e0 une instance syndicale pour \u00e9tablir un rapport de force avec d\u2019une part, le r\u00e9gulateur et d\u2019autre part, le minist\u00e8re des Postes et t\u00e9l\u00e9communications. L\u2019on peut donc d\u00e9sormais s\u2019attendre \u00e0 une solidarit\u00e9 entre les op\u00e9rateurs du secteur en cas de sanctions ou r\u00e9criminations des acteurs \u00e9tatiques en mati\u00e8re de t\u00e9l\u00e9phonie mobile. Ainsi, le cas comme celui de MTN Cameroon qui vient de d\u00e9cider de traduire l\u2019ART en justice pourrait \u00eatre support\u00e9 et d\u00e9fendu par l\u2019ensemble des op\u00e9rateurs de ce secteur. En effet, l\u2019entreprise dit n\u2019\u00eatre pas d\u2019accord avec les sanctions qui lui ont \u00e9t\u00e9 inflig\u00e9es par le r\u00e9gulateur de ce secteur d\u2019activit\u00e9s, en l\u2019accusant de divers manquements notamment l\u2019\u00ab<em>utilisation de fr\u00e9quence radio\u00e9lectrique en violation de l\u2019accord d\u2019assignation de fr\u00e9quences<\/em>\u00bb et la loi r\u00e9gissant les communications \u00e9lectroniques au Cameroun. La d\u00e9cision en cause est assortie d\u2019une p\u00e9nalit\u00e9 de 500 millions FCFA et de la r\u00e9duction \u00ab <em>d\u2019un an sur la dur\u00e9e de son titre d\u2019exploitation<\/em> \u00bb. Le jugement s\u2019est ouvert le 2 juillet 2019 au Tribunal administratif de Yaound\u00e9.<\/p>\n<p>Cette association des\u00a0 op\u00e9rateurs de t\u00e9l\u00e9phonie mobile survient quelques mois apr\u00e8s la mise sur pied d\u2019un autre regroupement, cette fois-l\u00e0, \u00e0 l\u2019avantage du mobile money. Il\u00a0 s\u2019agit de la plateforme <a href=\"https:\/\/ecomatin.net\/transfert-dargent-comprendre-la-coalition-dorange-et-mtn-dans-le-mobile-money\/\"><strong>Mowali<\/strong><\/a> qui devra d\u00e9sormais g\u00e9rer l\u2019interop\u00e9rabilit\u00e9 des transactions entre MTN et Orange. Mowali b\u00e9n\u00e9ficiera imm\u00e9diatement des bases clients Mobile Money de MTN et d\u2019Orange, soit plus de <strong>100 millions<\/strong> de comptes sur <strong>22<\/strong> des <strong>46 march\u00e9s<\/strong> de l\u2019Afrique sub-saharienne.<\/p>\n<div class=\"about-author about-author-box container-wrapper\">\n<div class=\"author-avatar\">\n<p><img decoding=\"async\" src=\"http:\/\/\" alt=\"\"\/><\/p>\n<\/div>\n<p><h4>La R\u00e9daction EcoMatin<\/h4>\n<\/p>\n<\/div>\n<div class=\"awac-wrapper awac widget blog_subscription-2\">\n<h4 class=\"widget-title\">Abonnez-vous \u00e0 notre lettre d&rsquo;information<\/h4>\n<\/div>\n<\/div>\n<div class=\"toggle-post-content clearfix\"><a id=\"toggle-post-button\" class=\"button\" href=\"#\">Afficher plus <\/a><\/div>\n<p>Auteur: EcoMatin<br \/>\n<a href=\"https:\/\/ecomatin.net\/telecommunications-les-operateurs-a-lheure-des-alliances-strategiques\/\">Cliquez ici pour lire l&rsquo;article depuis sa source.<\/a><\/p>\n","protected":false},"excerpt":{"rendered":"<p>L\u2019union fait la force. Dans la t\u00e9l\u00e9phonie mobile au Cameroun, les acteurs l\u2019ont certainement compris. Et la tendance actuelle est aux regroupements, tant pour la d\u00e9fense de leurs int\u00e9r\u00eats, que pour plus d\u2019efficacit\u00e9\u00a0 dans leur domaine d\u2019activit\u00e9. C\u2019est ainsi qu\u2019\u00e0 l\u2019initiative de Fr\u00e9deric Debord, directeur g\u00e9n\u00e9ral d\u2019Orange Cameroun et Mo\u00efse Bayi, celui de Nexttel, il [&hellip;]<\/p>\n","protected":false},"author":1969,"featured_media":0,"comment_status":"closed","ping_status":"closed","sticky":false,"template":"","format":"standard","meta":{"fifu_image_url":"","fifu_image_alt":"","footnotes":""},"categories":[82,78],"tags":[],"class_list":["post-48241","post","type-post","status-publish","format-standard","hentry","category-cameroun","category-economie"],"_links":{"self":[{"href":"https:\/\/linitiative.ca\/International\/wp-json\/wp\/v2\/posts\/48241","targetHints":{"allow":["GET"]}}],"collection":[{"href":"https:\/\/linitiative.ca\/International\/wp-json\/wp\/v2\/posts"}],"about":[{"href":"https:\/\/linitiative.ca\/International\/wp-json\/wp\/v2\/types\/post"}],"author":[{"embeddable":true,"href":"https:\/\/linitiative.ca\/International\/wp-json\/wp\/v2\/users\/1969"}],"replies":[{"embeddable":true,"href":"https:\/\/linitiative.ca\/International\/wp-json\/wp\/v2\/comments?post=48241"}],"version-history":[{"count":0,"href":"https:\/\/linitiative.ca\/International\/wp-json\/wp\/v2\/posts\/48241\/revisions"}],"wp:attachment":[{"href":"https:\/\/linitiative.ca\/International\/wp-json\/wp\/v2\/media?parent=48241"}],"wp:term":[{"taxonomy":"category","embeddable":true,"href":"https:\/\/linitiative.ca\/International\/wp-json\/wp\/v2\/categories?post=48241"},{"taxonomy":"post_tag","embeddable":true,"href":"https:\/\/linitiative.ca\/International\/wp-json\/wp\/v2\/tags?post=48241"}],"curies":[{"name":"wp","href":"https:\/\/api.w.org\/{rel}","templated":true}]}}