{"id":48242,"date":"2019-07-25T08:50:06","date_gmt":"2019-07-25T12:50:06","guid":{"rendered":"https:\/\/linitiative.ca\/International\/le-president-tunisien-beji-caid-essebsi-meurt-a-lage-de-92-ans\/"},"modified":"2019-07-25T08:50:06","modified_gmt":"2019-07-25T12:50:06","slug":"le-president-tunisien-beji-caid-essebsi-meurt-a-lage-de-92-ans","status":"publish","type":"post","link":"https:\/\/linitiative.ca\/International\/le-president-tunisien-beji-caid-essebsi-meurt-a-lage-de-92-ans\/","title":{"rendered":"Le pr\u00e9sident tunisien B\u00e9ji Ca\u00efd Essebsi meurt \u00e0 l\u2019\u00e2ge de 92 ans"},"content":{"rendered":"<div readability=\"32\">\n<p>Publi\u00e9 le 25.07.2019 \u00e0 13h50 par AFP<\/p>\n<\/div>\n<div readability=\"141\">\n<p>B\u00e9ji Ca\u00efd Essebsi, premier pr\u00e9sident \u00e9lu d\u00e9mocratiquement au suffrage universel en Tunisie, est d\u00e9c\u00e9d\u00e9 jeudi \u00e0 l\u2019\u00e2ge de 92 ans, ouvrant une p\u00e9riode d\u2019incertitude politique pour la fragile d\u00e9mocratie tunisienne, \u00e0 quelques mois d\u2019\u00e9ch\u00e9ances \u00e9lectorales majeures.<\/p>\n<p>La t\u00e9l\u00e9vision nationale a arr\u00eat\u00e9 ses programmes pour diffuser des versets du Coran, avant d\u2019annoncer le d\u00e9c\u00e8s du pr\u00e9sident \u00e0 10H25 (09H25 GMT).<\/p>\n<p>Elu fin 2014, trois ans apr\u00e8s la chute de Zine el Abidine ben Ali, Essebsi est mort \u00e0 quelques mois de la fin de son mandat pr\u00e9sidentiel.<\/p>\n<p>\u00ab\u00a0Que Dieu pr\u00e9serve la Tunisie\u00a0\u00bb, a \u00e9crit sur sa page Facebook son fils Hafedh Ca\u00efd Essebsi, \u00e9galement chef de file du parti pr\u00e9sidentiel Nidaa Tounes, confirmant le d\u00e9c\u00e8s de son p\u00e8re.<\/p>\n<p>Il avait auparavant annonc\u00e9 \u00e0 l\u2019AFP que son p\u00e8re avait \u00e9t\u00e9 admis en soins intensifs \u00e0 l\u2019h\u00f4pital militaire de Tunis, pr\u00e8s d\u2019un mois apr\u00e8s une pr\u00e9c\u00e9dente hospitalisation due \u00e0 un grave malaise.<\/p>\n<p>Son d\u00e9c\u00e8s intervient le jour o\u00f9 la Tunisie c\u00e9l\u00e8bre la proclamation de la R\u00e9publique en 1957, habituellement marqu\u00e9 par un discours du chef de l\u2019Etat.<\/p>\n<p>\u00ab\u00a0Nous pleurons avec le peuple tunisien le regrett\u00e9 pr\u00e9sident Essebsi\u00a0\u00bb, a r\u00e9agi la chanceli\u00e8re allemande Angela Merkel. \u00ab\u00a0C\u2019\u00e9tait un acteur courageux sur le chemin de la d\u00e9mocratie. Cette figure importante de l\u2019int\u00e9gration m\u00e9rite un hommage honorable\u00a0\u00bb.<\/p>\n<p>\u00ab\u00a0Il faut que toute la classe politique assume sa responsabilit\u00e9\u00a0\u00bb durant cette p\u00e9riode d\u00e9licate, ont r\u00e9agi des repr\u00e9sentants de la soci\u00e9t\u00e9 civile qui ont d\u00e9cid\u00e9 d\u2019annuler leur conf\u00e9rence de presse sur les blocages institutionnels \u00e0 la suite du d\u00e9c\u00e8s du pr\u00e9sident.<\/p>\n<p>Apr\u00e8s le d\u00e9c\u00e8s d\u2019Essebsi et en vertu de la Constitution, l\u2019int\u00e9rim revient au pr\u00e9sident du Parlement Mohammed Ennaceur, 85 ans, qui peut diriger le pays durant 45 \u00e0 90 jours.<\/p>\n<p>Au del\u00e0 de cette p\u00e9riode, un nouveau chef de l\u2019Etat doit arriver au pouvoir, ce qui impliquerait l\u2019organisation d\u2019une \u00e9lection pr\u00e9sidentielle anticip\u00e9e fin octobre.<\/p>\n<p>Le calendrier actuel pr\u00e9voit des l\u00e9gislatives le 6 octobre, suivies d\u2019une pr\u00e9sidentielle le 17 novembre.<\/p>\n<p>Mais la constatation de la vacance du pouvoir passe par l\u2019intervention de la Cour constitutionnelle, or huit ans apr\u00e8s la r\u00e9volution, la Tunisie n\u2019est toujours pas dot\u00e9e de cette institution cruciale car les partis au pouvoir ont maintes fois repouss\u00e9 sa mise en place par calcul politique.<\/p>\n<p>\u2013 D\u00e9mocratie fragile \u2013<\/p>\n<p>B\u00e9ji Ca\u00efd Essebsi, v\u00e9t\u00e9ran de la politique qui \u00e9tait le plus vieux chef d\u2019Etat au monde en exercice apr\u00e8s la reine Elizabeth II d\u2019Angleterre, a servi aussi bien sous Habib Bourguiba, premier pr\u00e9sident de la Tunisie, que sous Ben Ali, avant d\u2019acc\u00e9der lui-m\u00eame \u00e0 la pr\u00e9sidence avec la mission paradoxale de consolider la jeune d\u00e9mocratie.<\/p>\n<p>Pionni\u00e8re des Printemps arabes de 2011, la Tunisie a poursuivi sur la voie de la d\u00e9mocratisation ces huit derni\u00e8res ann\u00e9es, malgr\u00e9 les soubresauts politiques, la morosit\u00e9 \u00e9conomique et des attaques jihadistes.<\/p>\n<p>Huit ans apr\u00e8s la r\u00e9volution, la Tunisie reste fragile au plan s\u00e9curitaire.<\/p>\n<p>Le pays a \u00e9t\u00e9 frapp\u00e9 par de sanglantes attaques jihadistes au cours des derni\u00e8res ann\u00e9es, dont les plus violentes, revendiqu\u00e9es par le groupe Etat islamique (EI), ont eu lieu en 2015.<\/p>\n<p>En mars 2015, 21 touristes et un policier avaient \u00e9t\u00e9 tu\u00e9s dans une attaque contre le mus\u00e9e national du Bardo \u00e0 Tunis. En juin de la m\u00eame ann\u00e9e, 38 touristes, en majorit\u00e9 britanniques, avaient \u00e9t\u00e9 abattus \u00e0 la kalachnikov sur une plage de Sousse par un assaillant arriv\u00e9 par la mer.<\/p>\n<p>En novembre, une attaque suicide contre un bus transportant des gardes pr\u00e9sidentiels avait fait 12 morts.<\/p>\n<p>La Tunisie est \u00e9galement menac\u00e9e par le chaos libyen \u00e0 ses fronti\u00e8res.<\/p>\n<p>Economiquement, le pays est toujours fragile. Malgr\u00e9 une reprise fragile de la croissance apr\u00e8s des ann\u00e9es de marasme, la Tunisie peine \u00e0 r\u00e9pondre aux attentes sociales et \u00e0 faire baisser un ch\u00f4mage de 15%.<\/p>\n<\/div>\n<p>Auteur: AFP<br \/>\n<a href=\"https:\/\/www.journalducameroun.com\/le-president-tunisien-beji-caid-essebsi-meurt-a-lage-de-92-ans-2\/\">Cliquez ici pour lire l&rsquo;article depuis sa source.<\/a><\/p>\n","protected":false},"excerpt":{"rendered":"<p>Publi\u00e9 le 25.07.2019 \u00e0 13h50 par AFP B\u00e9ji Ca\u00efd Essebsi, premier pr\u00e9sident \u00e9lu d\u00e9mocratiquement au suffrage universel en Tunisie, est d\u00e9c\u00e9d\u00e9 jeudi \u00e0 l\u2019\u00e2ge de 92 ans, ouvrant une p\u00e9riode d\u2019incertitude politique pour la fragile d\u00e9mocratie tunisienne, \u00e0 quelques mois d\u2019\u00e9ch\u00e9ances \u00e9lectorales majeures. La t\u00e9l\u00e9vision nationale a arr\u00eat\u00e9 ses programmes pour diffuser des versets du [&hellip;]<\/p>\n","protected":false},"author":1965,"featured_media":0,"comment_status":"closed","ping_status":"closed","sticky":false,"template":"","format":"standard","meta":{"fifu_image_url":"","fifu_image_alt":"","footnotes":""},"categories":[73,82],"tags":[],"class_list":["post-48242","post","type-post","status-publish","format-standard","hentry","category-actualite","category-cameroun"],"_links":{"self":[{"href":"https:\/\/linitiative.ca\/International\/wp-json\/wp\/v2\/posts\/48242","targetHints":{"allow":["GET"]}}],"collection":[{"href":"https:\/\/linitiative.ca\/International\/wp-json\/wp\/v2\/posts"}],"about":[{"href":"https:\/\/linitiative.ca\/International\/wp-json\/wp\/v2\/types\/post"}],"author":[{"embeddable":true,"href":"https:\/\/linitiative.ca\/International\/wp-json\/wp\/v2\/users\/1965"}],"replies":[{"embeddable":true,"href":"https:\/\/linitiative.ca\/International\/wp-json\/wp\/v2\/comments?post=48242"}],"version-history":[{"count":0,"href":"https:\/\/linitiative.ca\/International\/wp-json\/wp\/v2\/posts\/48242\/revisions"}],"wp:attachment":[{"href":"https:\/\/linitiative.ca\/International\/wp-json\/wp\/v2\/media?parent=48242"}],"wp:term":[{"taxonomy":"category","embeddable":true,"href":"https:\/\/linitiative.ca\/International\/wp-json\/wp\/v2\/categories?post=48242"},{"taxonomy":"post_tag","embeddable":true,"href":"https:\/\/linitiative.ca\/International\/wp-json\/wp\/v2\/tags?post=48242"}],"curies":[{"name":"wp","href":"https:\/\/api.w.org\/{rel}","templated":true}]}}