{"id":48243,"date":"2019-07-25T06:22:42","date_gmt":"2019-07-25T10:22:42","guid":{"rendered":"https:\/\/linitiative.ca\/International\/que-cache-la-coalition-de-circonstance-entre-orange-mtn-et-nexttel\/"},"modified":"2019-07-25T06:22:42","modified_gmt":"2019-07-25T10:22:42","slug":"que-cache-la-coalition-de-circonstance-entre-orange-mtn-et-nexttel","status":"publish","type":"post","link":"https:\/\/linitiative.ca\/International\/que-cache-la-coalition-de-circonstance-entre-orange-mtn-et-nexttel\/","title":{"rendered":"Que cache la coalition de circonstance entre Orange, Mtn et Nexttel"},"content":{"rendered":"<p>Depuis le 08 juillet dernier, <strong>Orange Cameroun, Mtn et Nexttel<\/strong> sont regroup\u00e9s au sein de l\u2019<strong>Association des op\u00e9rateurs concessionnaires de t\u00e9l\u00e9phonie mobile au Cameroun<\/strong> (<strong>Aoctm<\/strong>). Celle-ci se donne pour objectifs, entre autres (ainsi que le pr\u00e9cise un communiqu\u00e9 conjoint), de \u00ab <em>promouvoir le d\u00e9veloppement des communications \u00e9lectroniques et des op\u00e9rateurs du secteur<\/em> \u00bb, <em>\u00ab entreprendre les actions de relations publiques pour le compte de ses membres et de leur secteur d\u2019activit\u00e9 et plus g\u00e9n\u00e9ralement, toute action visant \u00e0 valoriser leur image<\/em> \u00bb, et \u00ab <em>entreprendre toutes les actions appropri\u00e9es en vue de prot\u00e9ger les int\u00e9r\u00eats collectifs de ses membres, y compris par le biais de proc\u00e9dures administratives<\/em> \u00bb. Cette derni\u00e8re mission que se donne l\u2019association am\u00e8ne \u00e0 penser que celle-ci a \u00e9t\u00e9 cr\u00e9\u00e9e en r\u00e9ponse aux sanctions impos\u00e9es le 03 juillet dernier \u00e0 ces trois entreprises par l\u2019<strong>Agence de r\u00e9gulation des t\u00e9l\u00e9communications<\/strong> (Art). Il ne pourrait pas s\u2019agir d\u2019une simple co\u00efncidence.<\/p>\n<p>Le 03 juillet, en effet, le r\u00e9gulateur a annonc\u00e9 avoir condamn\u00e9 Orange Cameroun, Mtn et Nexttel, \u00e0 payer respectivement <strong>1,5 milliard<\/strong> et <strong>1 milliard Fcfa<\/strong> chacun, soit au total <strong>3,5 milliards Fcfa<\/strong> \u00e0 l\u2019Etat. Il les accusait de continuer \u00e0 violer, malgr\u00e9 plusieurs mises en garde, les dispositions du d\u00e9cret n\u00b02015\/3759\/PM du 03 septembre 2015 fixant les modalit\u00e9s d\u2019identification des abonn\u00e9s et des terminaux, notamment la commercialisation des cartes Sim pr\u00e9-activ\u00e9es. Ces entreprises ont maintenu la commercialisation des cartes Sim dans les rues et l\u2019activation des num\u00e9ros sans identification pr\u00e9alable. Par ailleurs, s\u2019insurgent les autorit\u00e9s, des personnes physiques continuent de d\u00e9tenir plus de trois cartes Sim, dans un contexte d\u2019ins\u00e9curit\u00e9 galopante.<\/p>\n<p>Selon nos informations, ces amendes n\u2019ont toujours pas \u00e9t\u00e9 pay\u00e9es. Il n\u2019y a m\u00eame pas eu de r\u00e9action officielle de la part de ces soci\u00e9t\u00e9s \u00e0 la suite de ces sanctions, ce qui laisse penser que leur empressement \u00e0 faire bloc cache bien de desseins. Les autres missions de l\u2019association, comme <em>\u00ab entreprendre les actions de relations publiques pour le compte de ses membres et de leur secteur d\u2019activit\u00e9<\/em> \u00bb, par exemple, sont toutes aussi curieuses dans un secteur qui \u00e9tait rest\u00e9 jusque-l\u00e0 fortement concurrentiel et o\u00f9, il n\u2019a jamais \u00e9t\u00e9 question d\u2019harmonisation des co\u00fbts de la minute d\u2019appel t\u00e9l\u00e9phonique et de la connexion Internet, de l\u2019unicit\u00e9 des prix de l\u2019appel t\u00e9l\u00e9phonique d\u2019un op\u00e9rateur \u00e0 l\u2019autre, pour ne prendre que ces exemples. Cette solidarit\u00e9 subite est d\u2019autant plus suspecte que, ces m\u00eames op\u00e9rateurs se sont arrang\u00e9s \u00e0 bloquer le projet de portabilit\u00e9 des num\u00e9ros, cens\u00e9 entrer en vigueur depuis le 1er septembre 2017. Celui-ci devait en effet donner la possibilit\u00e9 aux abonn\u00e9s de passer d\u2019un op\u00e9rateur \u00e0 un autre, sans changer de num\u00e9ro de num\u00e9ro de t\u00e9l\u00e9phone.<\/p>\n<div class=\"about-author about-author-box container-wrapper\">\n<div class=\"author-avatar\">\n<p><img decoding=\"async\" src=\"http:\/\/\" alt=\"\"\/><\/p>\n<\/div>\n<p><h4>La R\u00e9daction EcoMatin<\/h4>\n<\/p>\n<\/div>\n<div class=\"awac-wrapper awac widget blog_subscription-2\">\n<h4 class=\"widget-title\">Abonnez-vous \u00e0 notre lettre d&rsquo;information<\/h4>\n<\/div>\n<p>Auteur: EcoMatin<br \/>\n<a href=\"https:\/\/ecomatin.net\/que-cache-la-coalition-de-circonstance-entre-orange-mtn-et-nexttel\/\">Cliquez ici pour lire l&rsquo;article depuis sa source.<\/a><\/p>\n","protected":false},"excerpt":{"rendered":"<p>Depuis le 08 juillet dernier, Orange Cameroun, Mtn et Nexttel sont regroup\u00e9s au sein de l\u2019Association des op\u00e9rateurs concessionnaires de t\u00e9l\u00e9phonie mobile au Cameroun (Aoctm). Celle-ci se donne pour objectifs, entre autres (ainsi que le pr\u00e9cise un communiqu\u00e9 conjoint), de \u00ab promouvoir le d\u00e9veloppement des communications \u00e9lectroniques et des op\u00e9rateurs du secteur \u00bb, \u00ab entreprendre [&hellip;]<\/p>\n","protected":false},"author":1969,"featured_media":0,"comment_status":"closed","ping_status":"closed","sticky":false,"template":"","format":"standard","meta":{"fifu_image_url":"","fifu_image_alt":"","footnotes":""},"categories":[82,78],"tags":[],"class_list":["post-48243","post","type-post","status-publish","format-standard","hentry","category-cameroun","category-economie"],"_links":{"self":[{"href":"https:\/\/linitiative.ca\/International\/wp-json\/wp\/v2\/posts\/48243","targetHints":{"allow":["GET"]}}],"collection":[{"href":"https:\/\/linitiative.ca\/International\/wp-json\/wp\/v2\/posts"}],"about":[{"href":"https:\/\/linitiative.ca\/International\/wp-json\/wp\/v2\/types\/post"}],"author":[{"embeddable":true,"href":"https:\/\/linitiative.ca\/International\/wp-json\/wp\/v2\/users\/1969"}],"replies":[{"embeddable":true,"href":"https:\/\/linitiative.ca\/International\/wp-json\/wp\/v2\/comments?post=48243"}],"version-history":[{"count":0,"href":"https:\/\/linitiative.ca\/International\/wp-json\/wp\/v2\/posts\/48243\/revisions"}],"wp:attachment":[{"href":"https:\/\/linitiative.ca\/International\/wp-json\/wp\/v2\/media?parent=48243"}],"wp:term":[{"taxonomy":"category","embeddable":true,"href":"https:\/\/linitiative.ca\/International\/wp-json\/wp\/v2\/categories?post=48243"},{"taxonomy":"post_tag","embeddable":true,"href":"https:\/\/linitiative.ca\/International\/wp-json\/wp\/v2\/tags?post=48243"}],"curies":[{"name":"wp","href":"https:\/\/api.w.org\/{rel}","templated":true}]}}