{"id":48244,"date":"2019-07-24T14:42:39","date_gmt":"2019-07-24T18:42:39","guid":{"rendered":"https:\/\/linitiative.ca\/International\/leconomie-globalisee-exige-une-cooperation-mondiale\/"},"modified":"2019-07-24T14:42:39","modified_gmt":"2019-07-24T18:42:39","slug":"leconomie-globalisee-exige-une-cooperation-mondiale","status":"publish","type":"post","link":"https:\/\/linitiative.ca\/International\/leconomie-globalisee-exige-une-cooperation-mondiale\/","title":{"rendered":"L\u2019\u00e9conomie globalis\u00e9e exige une coop\u00e9ration mondiale"},"content":{"rendered":"<div readability=\"39\">\n<p>Marrakech- Les d\u00e9fis de l\u2019\u00e9conomie globalis\u00e9e n\u00e9cessitent une coop\u00e9ration internationale pour la mise en \u0153uvre des r\u00e8gles juridiques \u00ab\u00a0qui se veulent contraignantes mais qui n\u2019ont pas de forces ex\u00e9cutoires\u00a0\u00bb, a affirm\u00e9 mercredi, \u00e0 Marrakech, l\u2019\u00e9conomiste et homme politique fran\u00e7ais, Dominique Strauss-Kahn.<\/p>\n<\/div>\n<div readability=\"92\">\n<p>lM. Strauss-Kahn, qui animait une conf\u00e9rence-d\u00e9bat \u00e0 la Facult\u00e9 des Sciences juridiques, \u00e9conomiques et sociales de Marrakech, ax\u00e9e sur le r\u00f4le du Droit dans une \u00e9conomie globalis\u00e9e, a relev\u00e9 que les ann\u00e9es 2008-2009 repr\u00e9sentent l\u2019apog\u00e9e de cette coop\u00e9ration internationale adopt\u00e9e pour mettre en \u0153uvre des solutions \u00e0 m\u00eame de venir \u00e0 bout de la crise \u00e9conomique et financi\u00e8re mondiale, d\u00e9plorant que cette\u00a0coop\u00e9ration mondiale est aujourd\u2019hui, \u00e0 son plus faible niveau.<\/p>\n<p>L\u2019\u00e9conomie globalis\u00e9e, qui est mal r\u00e9gul\u00e9e dans certaines p\u00e9riodes, a besoin de coop\u00e9ration internationale, qui elle-m\u00eame repose sur la volont\u00e9 politique des Etats, a-t-il ajout\u00e9, appelant \u00e0 \u0153uvrer pour renforcer la coop\u00e9ration internationale et \u00e0 r\u00e9fl\u00e9chir sur la mise en place d\u2019instruments de coop\u00e9ration et de r\u00e9gulation de l\u2019\u00e9conomie mondiale.<\/p>\n<p>Cette conf\u00e9rence a offert l\u2019opportunit\u00e9 \u00e0 l\u2019ancien directeur g\u00e9n\u00e9ral du Fonds mon\u00e9taire international (2007-2011) pour traiter les diff\u00e9rents sujets, o\u00f9 appara\u00eet une interf\u00e9rence entre le Droit et l\u2019\u00e9conomie globalis\u00e9e, tels que la capacit\u00e9 du Droit \u00e0 r\u00e9guler l\u2019\u00e9conomie notamment en temps de crises.<\/p>\n<p>\u00ab\u00a0L\u2019\u00e9conomie a besoin du Droit pour d\u00e9finir ses concepts et le juriste est influenc\u00e9 par l\u2019\u00e9volution de l\u2019\u00e9conomie pour d\u00e9finir les nouvelles r\u00e8gles du march\u00e9\u00a0\u00bb, a affirm\u00e9 cet ancien ministre de l\u2019\u00c9conomie, des Finances et de l\u2019Industrie dans le gouvernement Lionel Jospin, relevant que les deux domaines ont besoin de travailler ensemble pour parvenir \u00e0 avancer sur la plupart des sujets.<\/p>\n<p>Le conf\u00e9rencier a d\u00e9but\u00e9 son expos\u00e9 par l\u2019analyse de la naissance du concept de l\u2019\u00e9conomie du march\u00e9, qui s\u2019est par la suite globalis\u00e9e, soulignant dans ce cadre que le Droit est \u00e0 l\u2019origine de la naissance de ce syst\u00e8me \u00e9conomique o\u00f9 les d\u00e9cisions de produire, d\u2019\u00e9changer et d\u2019allouer des biens et services rares sont d\u00e9termin\u00e9es majoritairement \u00e0 l\u2019aide d\u2019informations r\u00e9sultant de la confrontation de l\u2019offre et de la demande telle qu\u2019\u00e9tablie par le libre jeu du march\u00e9.<\/p>\n<p>M. Strauss-Kahn a, par la suite, abord\u00e9 la question du fonctionnement du syst\u00e8me bancaire et financier et sa relation avec le Droit.<\/p>\n<p>Ainsi et en explorant l\u2019histoire du syst\u00e8me banquier et financier, il a analys\u00e9 les origines et les causes des crises financi\u00e8res et leurs cons\u00e9quences avant de passer en revue les diff\u00e9rentes r\u00e9actions des Etats traduites par la mise en place de r\u00e9glementation et le renforcement de la coop\u00e9ration internationale, qui reposent sur la bonne volont\u00e9 politique des pays, a-t-il dit.<\/p>\n<p>Le conf\u00e9rencier a abord\u00e9 une autre question d\u2019une extr\u00eame importance \u00e0 ses yeux, \u00e0 savoir l\u2019application et l\u2019effectivit\u00e9 du Droit international en temps normal et en temps de crises \u00e9conomiques.<\/p>\n<\/div>\n<p>Auteur: Mohammed KOURSI<br \/>\n<a href=\"http:\/\/www.mapmarrakech.ma\/fr\/les-defis-de-leconomie-globalisee-necessitent-une-cooperation-internationale\/\">Cliquez ici pour lire l&rsquo;article depuis sa source.<\/a><\/p>\n","protected":false},"excerpt":{"rendered":"<p>Marrakech- Les d\u00e9fis de l\u2019\u00e9conomie globalis\u00e9e n\u00e9cessitent une coop\u00e9ration internationale pour la mise en \u0153uvre des r\u00e8gles juridiques \u00ab\u00a0qui se veulent contraignantes mais qui n\u2019ont pas de forces ex\u00e9cutoires\u00a0\u00bb, a affirm\u00e9 mercredi, \u00e0 Marrakech, l\u2019\u00e9conomiste et homme politique fran\u00e7ais, Dominique Strauss-Kahn. lM. Strauss-Kahn, qui animait une conf\u00e9rence-d\u00e9bat \u00e0 la Facult\u00e9 des Sciences juridiques, \u00e9conomiques et [&hellip;]<\/p>\n","protected":false},"author":1788,"featured_media":0,"comment_status":"closed","ping_status":"closed","sticky":false,"template":"","format":"standard","meta":{"fifu_image_url":"","fifu_image_alt":"","footnotes":""},"categories":[54,76],"tags":[],"class_list":["post-48244","post","type-post","status-publish","format-standard","hentry","category-maroc","category-regions"],"_links":{"self":[{"href":"https:\/\/linitiative.ca\/International\/wp-json\/wp\/v2\/posts\/48244","targetHints":{"allow":["GET"]}}],"collection":[{"href":"https:\/\/linitiative.ca\/International\/wp-json\/wp\/v2\/posts"}],"about":[{"href":"https:\/\/linitiative.ca\/International\/wp-json\/wp\/v2\/types\/post"}],"author":[{"embeddable":true,"href":"https:\/\/linitiative.ca\/International\/wp-json\/wp\/v2\/users\/1788"}],"replies":[{"embeddable":true,"href":"https:\/\/linitiative.ca\/International\/wp-json\/wp\/v2\/comments?post=48244"}],"version-history":[{"count":0,"href":"https:\/\/linitiative.ca\/International\/wp-json\/wp\/v2\/posts\/48244\/revisions"}],"wp:attachment":[{"href":"https:\/\/linitiative.ca\/International\/wp-json\/wp\/v2\/media?parent=48244"}],"wp:term":[{"taxonomy":"category","embeddable":true,"href":"https:\/\/linitiative.ca\/International\/wp-json\/wp\/v2\/categories?post=48244"},{"taxonomy":"post_tag","embeddable":true,"href":"https:\/\/linitiative.ca\/International\/wp-json\/wp\/v2\/tags?post=48244"}],"curies":[{"name":"wp","href":"https:\/\/api.w.org\/{rel}","templated":true}]}}