{"id":48245,"date":"2019-07-25T08:50:10","date_gmt":"2019-07-25T12:50:10","guid":{"rendered":"https:\/\/linitiative.ca\/International\/action-contre-la-faim-demande-la-liberation-de-ses-six-employes-enleves-au-nigeria\/"},"modified":"2019-07-25T08:50:10","modified_gmt":"2019-07-25T12:50:10","slug":"action-contre-la-faim-demande-la-liberation-de-ses-six-employes-enleves-au-nigeria","status":"publish","type":"post","link":"https:\/\/linitiative.ca\/International\/action-contre-la-faim-demande-la-liberation-de-ses-six-employes-enleves-au-nigeria\/","title":{"rendered":"Action contre la faim \u00ab\u00a0demande la lib\u00e9ration\u00a0\u00bb de ses six employ\u00e9s enlev\u00e9s au Nigeria"},"content":{"rendered":"<div readability=\"32\">\n<p>Publi\u00e9 le 25.07.2019 \u00e0 13h50 par AFP<\/p>\n<\/div>\n<div readability=\"145\">\n<p>L\u2019ONG Action contre la faim a demand\u00e9 jeudi la lib\u00e9ration de six de ses employ\u00e9s, dont une femme, enlev\u00e9s il y a une semaine au Nigeria par un groupe jihadiste qui a diffus\u00e9 une vid\u00e9o des otages.<\/p>\n<p>Le groupe nig\u00e9rian de l\u2019Etat islamique en Afrique de l\u2019Ouest (Iswap), branche de Boko Haram affili\u00e9e \u00e0 l\u2019organisation Etat islamique (EI), a diffus\u00e9 jeudi une vid\u00e9o dans laquelle une femme v\u00eatue d\u2019un hijab bleu clair affirme en anglais qu\u2019elle est membre de l\u2019ONG fran\u00e7aise et qu\u2019elle a \u00e9t\u00e9 enlev\u00e9e avec ses cinq coll\u00e8gues, assis derri\u00e8re elle sur la vid\u00e9o.<\/p>\n<p>\u00ab\u00a0Ce sont des travailleurs humanitaires et de sant\u00e9 qui ont choisi de consacrer leur vie \u00e0 accompagner les communaut\u00e9s les plus vuln\u00e9rables du Nigeria et ne sont anim\u00e9s que par des principes de solidarit\u00e9, d\u2019humanit\u00e9 et de neutralit\u00e9\u00a0\u00bb, affirme ACF dans un communiqu\u00e9.<\/p>\n<p>L\u2019ONG \u00ab\u00a0demande la lib\u00e9ration de sa salari\u00e9e et de ses compagnons\u00a0\u00bb, qui travaillaient comme contractuels pour l\u2019ONG, des chauffeurs et agents de sant\u00e9 d\u2019un programme humanitaire pilot\u00e9 par ACF dans la r\u00e9gion de Damasak, dans l\u2019Etat de Borno.<\/p>\n<p>Dans un communiqu\u00e9 publi\u00e9 vendredi apr\u00e8s l\u2019attaque du convoi dans lequel se trouvaient les employ\u00e9s, ACF expliquait qu\u2019un des chauffeurs avait \u00e9t\u00e9 tu\u00e9. \u00ab\u00a0Une salari\u00e9e d\u2019Action contre la faim, deux chauffeurs et trois personnels de sant\u00e9 sont port\u00e9s disparus\u00a0\u00bb.<\/p>\n<p>Selon des t\u00e9moignages locaux, les six personnes avaient \u00e9t\u00e9 vues transport\u00e9es par leurs ravisseurs vers le nord-est du pays, aux alentours du lac Tchad, repaire usuel de l\u2019Iswap.<\/p>\n<p>Cet \u00ab\u00a0enl\u00e8vement est contraire au Droit international humanitaire et \u00e0 toutes les r\u00e8gles de protections des travailleurs et des organisations humanitaires\u00a0\u00bb, \u00e9crit jeudi ACF.<\/p>\n<p>Dans une vid\u00e9o authentifi\u00e9e par l\u2019AFP, l\u2019employ\u00e9e d\u2019ACF demande \u00e0 son employeur ainsi qu\u2019aux autorit\u00e9s nig\u00e9rianes, qui n\u2019ont pas r\u00e9agi dans l\u2019imm\u00e9diat, d\u2019aider \u00e0 leur lib\u00e9ration. Les otages sont assis au sol sur des nattes et affirment ne pas savoir o\u00f9 ils se trouvent.<\/p>\n<p>Les six employ\u00e9s d\u2019ACF ont \u00e9t\u00e9 enlev\u00e9s jeudi soir en revenant sur leur base \u00e0 Damasak, \u00e0 la fronti\u00e8re entre les Etats de Yobe et du Borno.<\/p>\n<p>Le convoi de trois v\u00e9hicules rentrait d\u2019un village voisin o\u00f9 ACF dirige une clinique, lorsque des hommes arm\u00e9s ont ouvert le feu, a expliqu\u00e9 \u00e0 l\u2019AFP une source humanitaire qui travaille dans cette r\u00e9gion.<\/p>\n<p>\u2013 Grave crise humanitaire \u2013<\/p>\n<p>En mars 2018, trois humanitaires nig\u00e9rianes ont \u00e9t\u00e9 enlev\u00e9es lors d\u2019une attaque visant la ville de Rann, dans l\u2019extr\u00eame nord-est du pays, au cours de laquelle trois autres travailleurs humanitaires et huit soldats nig\u00e9rians avaient \u00e9t\u00e9 tu\u00e9s.<\/p>\n<p>Deux d\u2019entre elles, Hauwa Liman et Saifura Khorsa, travaillaient pour le CICR et ont \u00e9t\u00e9 ex\u00e9cut\u00e9es quelques mois plus tard. La troisi\u00e8me, Alice Loksha, travaillait pour l\u2019Unicef et serait toujours entre les mains du groupe, avec une autre otage, Leah Sharibu, une jeune fille de 15 ans, enlev\u00e9e \u00e0 Dapchi en f\u00e9vrier 2018.<\/p>\n<p>Leah Sharibu \u00e9tait la seule chr\u00e9tienne enlev\u00e9e aux c\u00f4t\u00e9s d\u2019une centaine d\u2019autres de ses camarades, dans un kidnapping de masse, qui rappelait l\u2019enl\u00e8vement de Chibok de 2014, lors duquel plus de 200 adolescentes avaient \u00e9t\u00e9 saisies par le groupe et qui avait \u00e9mu le monde entier.<\/p>\n<p>Les \u00e9tudiantes de Dapchi avaient toutes \u00e9t\u00e9 lib\u00e9r\u00e9es un mois apr\u00e8s leur enl\u00e8vement, sur la promesse de ne plus se rendre \u00e0 \u00ab\u00a0l\u2019\u00e9cole occidentale\u00a0\u00bb, mais Leah Sharibu, qui avait refus\u00e9 de se convertir \u00e0 l\u2019islam, est rest\u00e9e otage du groupe.<\/p>\n<p>Le conflit avec Boko Haram a fait plus de 27.000 morts et 2 millions de d\u00e9plac\u00e9s depuis dix ans dans le nord-est du Nigeria, o\u00f9 interviennent de nombreuses ONG qui tentent d\u2019enrayer une grave crise humanitaire.<\/p>\n<p>Le Conseil Norv\u00e9gien pour les R\u00e9fugi\u00e9s (NRC) estime que 7,1 millions de personnes d\u00e9pendent de l\u2019aide humanitaire pour leur survie dans cette r\u00e9gion d\u00e9vast\u00e9e par dix ans de conflit.<\/p>\n<p>En juillet 2009, les forces de l\u2019ordre avaient assassin\u00e9 Mohamed Yusuf, fondateur de Boko Haram, une secte islamique radicale, entra\u00eenant une escalade des violences. Le mouvement a ensuite \u00e9t\u00e9 r\u00e9cup\u00e9r\u00e9 par divers groupes jihadites, dont Al-Qa\u00efda et l\u2019EI.<\/p>\n<\/div>\n<p>Auteur: AFP<br \/>\n<a href=\"https:\/\/www.journalducameroun.com\/action-contre-la-faim-demande-la-liberation-de-ses-six-employes-enleves-au-nigeria-2\/\">Cliquez ici pour lire l&rsquo;article depuis sa source.<\/a><\/p>\n","protected":false},"excerpt":{"rendered":"<p>Publi\u00e9 le 25.07.2019 \u00e0 13h50 par AFP L\u2019ONG Action contre la faim a demand\u00e9 jeudi la lib\u00e9ration de six de ses employ\u00e9s, dont une femme, enlev\u00e9s il y a une semaine au Nigeria par un groupe jihadiste qui a diffus\u00e9 une vid\u00e9o des otages. Le groupe nig\u00e9rian de l\u2019Etat islamique en Afrique de l\u2019Ouest (Iswap), [&hellip;]<\/p>\n","protected":false},"author":1965,"featured_media":0,"comment_status":"closed","ping_status":"closed","sticky":false,"template":"","format":"standard","meta":{"fifu_image_url":"","fifu_image_alt":"","footnotes":""},"categories":[73,82],"tags":[],"class_list":["post-48245","post","type-post","status-publish","format-standard","hentry","category-actualite","category-cameroun"],"_links":{"self":[{"href":"https:\/\/linitiative.ca\/International\/wp-json\/wp\/v2\/posts\/48245","targetHints":{"allow":["GET"]}}],"collection":[{"href":"https:\/\/linitiative.ca\/International\/wp-json\/wp\/v2\/posts"}],"about":[{"href":"https:\/\/linitiative.ca\/International\/wp-json\/wp\/v2\/types\/post"}],"author":[{"embeddable":true,"href":"https:\/\/linitiative.ca\/International\/wp-json\/wp\/v2\/users\/1965"}],"replies":[{"embeddable":true,"href":"https:\/\/linitiative.ca\/International\/wp-json\/wp\/v2\/comments?post=48245"}],"version-history":[{"count":0,"href":"https:\/\/linitiative.ca\/International\/wp-json\/wp\/v2\/posts\/48245\/revisions"}],"wp:attachment":[{"href":"https:\/\/linitiative.ca\/International\/wp-json\/wp\/v2\/media?parent=48245"}],"wp:term":[{"taxonomy":"category","embeddable":true,"href":"https:\/\/linitiative.ca\/International\/wp-json\/wp\/v2\/categories?post=48245"},{"taxonomy":"post_tag","embeddable":true,"href":"https:\/\/linitiative.ca\/International\/wp-json\/wp\/v2\/tags?post=48245"}],"curies":[{"name":"wp","href":"https:\/\/api.w.org\/{rel}","templated":true}]}}