{"id":48247,"date":"2019-07-25T09:45:39","date_gmt":"2019-07-25T13:45:39","guid":{"rendered":"https:\/\/linitiative.ca\/International\/deces-de-beji-caid-essebsi-la-republique-perd-son-premier-president-elu-democratiquement\/"},"modified":"2019-07-25T09:45:39","modified_gmt":"2019-07-25T13:45:39","slug":"deces-de-beji-caid-essebsi-la-republique-perd-son-premier-president-elu-democratiquement","status":"publish","type":"post","link":"https:\/\/linitiative.ca\/International\/deces-de-beji-caid-essebsi-la-republique-perd-son-premier-president-elu-democratiquement\/","title":{"rendered":"D\u00e9c\u00e8s de B\u00e9ji Ca\u00efd Essebsi : La R\u00e9publique perd son premier pr\u00e9sident \u00e9lu d\u00e9mocratiquement"},"content":{"rendered":"<p>Le chef de l\u2019Etat B\u00e9ji Ca\u00efd Essebsi est d\u00e9c\u00e9d\u00e9, hier jeudi 25 juillet, date de la c\u00e9l\u00e9bration du 62\u00e8me anniversaire de la R\u00e9publique, \u00e0 l\u2019h\u00f4pital militaire de Tunis.<\/p>\n<div>B\u00e9ji Ca\u00efd Essebsi avait \u00e9t\u00e9 transf\u00e9r\u00e9 \u00e0 l\u2019h\u00f4pital sur \u200e \u00bbd\u00e9cisions de ses m\u00e9decins \u00bb, avait d\u00e9clar\u00e9, hier \u00e0 l\u2019aube, Noureddine Ben Ticha, conseiller principal \u00e0 la \u200epr\u00e9sidence, charg\u00e9 des relations avec le Parlement et les partis. \u200eVictime d\u2019un malaise \u00ab aigu \u00bb, le chef de l\u2019Etat B\u00e9ji Ca\u00efd Essebsi avait quitt\u00e9, le 1er juillet, l\u2019h\u00f4pital militaire de Tunis, pour se rendre dans sa r\u00e9sidence \u00e0 Carthage, apr\u00e8s avoir re\u00e7u les soins n\u00e9cessaires \u00e0 son r\u00e9tablissement \u00bb, avait indiqu\u00e9 la pr\u00e9sidence dans un bref communiqu\u00e9.Une carri\u00e8re riche en d\u00e9veloppements, avec un savoir-faire, parfois contest\u00e9, mais pratiquement toujours efficace, le pr\u00e9sident d\u00e9funt B\u00e9ji Ca\u00efd Essebsi a marqu\u00e9 l\u2019Histoire politique de la Tunisie, depuis la R\u00e9volution, en \u00e9tant propuls\u00e9 \u00e0 la barre, en tant qu\u2019homme de consensus. Ainsi, apr\u00e8s la R\u00e9volution du 14 janvier 2011, il a \u00e9t\u00e9 rappel\u00e9 \u00e0 la politique, comme chef du gouvernement de transition jusqu\u2019aux \u00e9lections l\u00e9gislatives du 23 octobre 2011. Ce poste lui avait permis de mener \u00e0 bon portIl n\u2019a pas tard\u00e9 \u00e0 fonder, en juin 2012, son propre parti, le mouvement de Nidaa Tounes, celui-l\u00e0 m\u00eame qui remporta 86 si\u00e8ges \u00e0 l\u2019Assembl\u00e9e des repr\u00e9sentants du peuple aux \u00e9lections l\u00e9gislatives du 26 octobre 2014.Le 22 d\u00e9cembre 2014, B\u00e9ji Caid Essebsi a \u00e9t\u00e9, officiellement, proclam\u00e9 vainqueur du second tour de l\u2019\u00e9lection pr\u00e9sidentielle. Il a \u00e9t\u00e9 cr\u00e9dit\u00e9 de 55,68 pc des suffrages exprim\u00e9s.Feu B\u00e9ji Ca\u00efd Essebsi est mari\u00e9 et p\u00e8re de quatre enfants.<\/div>\n<p class=\"dpsp-share-text\">Partager c&rsquo;est aimer!<\/p>\n<div class=\"wp-post-author-wrap wp-post-author-shortcode left\">\n<h3 class=\"awpa-title\"\/>\n<div class=\"wp-post-author\">\n<div class=\"awpa-img awpa-author-block square\"><a href=\"http:\/\/lexpertjournal.net\/fr\/author\/expert\/\"><img loading=\"lazy\" decoding=\"async\" alt=\"\" src=\"http:\/\/2.gravatar.com\/avatar\/56d99be2a6f97af88ccb49fada637fcd?s=150&#038;d=mm&#038;r=g\" srcset=\"http:\/\/2.gravatar.com\/avatar\/56d99be2a6f97af88ccb49fada637fcd?s=300&#038;d=mm&#038;r=g 2x\" class=\"avatar avatar-150 photo\" height=\"150\" width=\"150\"\/><\/a><\/div>\n<\/div>\n<\/div>\n<p>Auteur: L&rsquo;expert<br \/>\n<a href=\"http:\/\/lexpertjournal.net\/fr\/2019\/07\/25\/deces-de-beji-caid-essebsi-la-republique-perd-son-premier-president-elu-democratiquement\/\">Cliquez ici pour lire l&rsquo;article depuis sa source.<\/a><\/p>\n","protected":false},"excerpt":{"rendered":"<p>Le chef de l\u2019Etat B\u00e9ji Ca\u00efd Essebsi est d\u00e9c\u00e9d\u00e9, hier jeudi 25 juillet, date de la c\u00e9l\u00e9bration du 62\u00e8me anniversaire de la R\u00e9publique, \u00e0 l\u2019h\u00f4pital militaire de Tunis. B\u00e9ji Ca\u00efd Essebsi avait \u00e9t\u00e9 transf\u00e9r\u00e9 \u00e0 l\u2019h\u00f4pital sur \u200e \u00bbd\u00e9cisions de ses m\u00e9decins \u00bb, avait d\u00e9clar\u00e9, hier \u00e0 l\u2019aube, Noureddine Ben Ticha, conseiller principal \u00e0 la [&hellip;]<\/p>\n","protected":false},"author":1775,"featured_media":0,"comment_status":"closed","ping_status":"closed","sticky":false,"template":"","format":"standard","meta":{"fifu_image_url":"","fifu_image_alt":"","footnotes":""},"categories":[78,55],"tags":[],"class_list":["post-48247","post","type-post","status-publish","format-standard","hentry","category-economie","category-tunisie"],"_links":{"self":[{"href":"https:\/\/linitiative.ca\/International\/wp-json\/wp\/v2\/posts\/48247","targetHints":{"allow":["GET"]}}],"collection":[{"href":"https:\/\/linitiative.ca\/International\/wp-json\/wp\/v2\/posts"}],"about":[{"href":"https:\/\/linitiative.ca\/International\/wp-json\/wp\/v2\/types\/post"}],"author":[{"embeddable":true,"href":"https:\/\/linitiative.ca\/International\/wp-json\/wp\/v2\/users\/1775"}],"replies":[{"embeddable":true,"href":"https:\/\/linitiative.ca\/International\/wp-json\/wp\/v2\/comments?post=48247"}],"version-history":[{"count":0,"href":"https:\/\/linitiative.ca\/International\/wp-json\/wp\/v2\/posts\/48247\/revisions"}],"wp:attachment":[{"href":"https:\/\/linitiative.ca\/International\/wp-json\/wp\/v2\/media?parent=48247"}],"wp:term":[{"taxonomy":"category","embeddable":true,"href":"https:\/\/linitiative.ca\/International\/wp-json\/wp\/v2\/categories?post=48247"},{"taxonomy":"post_tag","embeddable":true,"href":"https:\/\/linitiative.ca\/International\/wp-json\/wp\/v2\/tags?post=48247"}],"curies":[{"name":"wp","href":"https:\/\/api.w.org\/{rel}","templated":true}]}}