{"id":48248,"date":"2019-07-25T06:32:26","date_gmt":"2019-07-25T10:32:26","guid":{"rendered":"https:\/\/linitiative.ca\/International\/entrepreneuriat-lappui-de-societe-generale-aux-pme-camerounaises\/"},"modified":"2019-07-25T06:32:26","modified_gmt":"2019-07-25T10:32:26","slug":"entrepreneuriat-lappui-de-societe-generale-aux-pme-camerounaises","status":"publish","type":"post","link":"https:\/\/linitiative.ca\/International\/entrepreneuriat-lappui-de-societe-generale-aux-pme-camerounaises\/","title":{"rendered":"Entrepreneuriat : l\u2019appui de Soci\u00e9t\u00e9 G\u00e9n\u00e9rale aux PME camerounaises"},"content":{"rendered":"<div class=\"featured-area featured-area-inner\"><img loading=\"lazy\" decoding=\"async\" width=\"780\" height=\"405\" src=\"https:\/\/i2.wp.com\/ecomatin.net\/wp-content\/uploads\/2019\/07\/ecomatin.net-entrepreneuriat-lappui-de-societe-generale-aux-pme-camerounaises-maison-de-la-pme-sgc.jpg?resize=780%2C405&#038;ssl=1&#038;is-pending-load=1\" class=\"attachment-jannah-image-post size-jannah-image-post wp-post-image jetpack-lazy-image\" alt=\"\" data-attachment-id=\"10153\" data-permalink=\"https:\/\/ecomatin.net\/entrepreneuriat-lappui-de-societe-generale-aux-pme-camerounaises\/maison-de-la-pme-sgc\/\" data-orig-file=\"https:\/\/i2.wp.com\/ecomatin.net\/wp-content\/uploads\/2019\/07\/ecomatin.net-entrepreneuriat-lappui-de-societe-generale-aux-pme-camerounaises-maison-de-la-pme-sgc.jpg?fit=1200%2C1182&#038;ssl=1\" data-orig-size=\"1200,1182\" data-comments-opened=\"0\" data-image-meta=\"{\"aperture\":\"0\",\"credit\":\"\",\"camera\":\"\",\"caption\":\"\",\"created_timestamp\":\"0\",\"copyright\":\"\",\"focal_length\":\"0\",\"iso\":\"0\",\"shutter_speed\":\"0\",\"title\":\"\",\"orientation\":\"0\"}\" data-image-title=\"maison de la PME SGC\" data-image-description=\"\" data-medium-file=\"https:\/\/i2.wp.com\/ecomatin.net\/wp-content\/uploads\/2019\/07\/ecomatin.net-entrepreneuriat-lappui-de-societe-generale-aux-pme-camerounaises-maison-de-la-pme-sgc.jpg?fit=300%2C296&#038;ssl=1\" data-large-file=\"https:\/\/i2.wp.com\/ecomatin.net\/wp-content\/uploads\/2019\/07\/ecomatin.net-entrepreneuriat-lappui-de-societe-generale-aux-pme-camerounaises-maison-de-la-pme-sgc.jpg?fit=1024%2C1009&#038;ssl=1\" srcset=\"data:image\/gif;base64,R0lGODlhAQABAIAAAAAAAP\/\/\/yH5BAEAAAAALAAAAAABAAEAAAIBRAA7\"\/><\/div>\n<div class=\"entry-content entry clearfix\" readability=\"63\">\n<p>C\u2019est l\u2019une des contraintes majeures dans le d\u00e9veloppement des Petites et moyennes entreprises (PME) au Cameroun, l\u2019acc\u00e8s au cr\u00e9dit. Les garanties exig\u00e9es tr\u00e8s souvent par les banques commerciales \u00e9tant assez souvent hors de port\u00e9e. C\u2019est cette difficult\u00e9 d\u2019acc\u00e8s au financement que souhaite all\u00e9ger la Banque <strong>Soci\u00e9t\u00e9 G\u00e9n\u00e9rale Cameroun<\/strong> pour les PME camerounaises, \u00e0 travers sa \u00ab <em>Maison de la PME<\/em> \u00bb qui a \u00e9t\u00e9 inaugur\u00e9e le ministre en charge des PME, <strong>Achille Bassilekin<\/strong>, le 18 juillet 2019 \u00e0 Douala. Cette structure, explique-t-on \u00e0 la Soci\u00e9t\u00e9 G\u00e9n\u00e9rale Cameroun, vise \u00e0 accompagner les entreprises dans le conseil, afin de leur faciliter l\u2019acc\u00e8s aux financements.<\/p>\n<p>La mise en place des \u00ab\u2009<em>maisons de la PME<\/em>\u2009\u00bb, rappelle-t-on, est une d\u00e9clinaison du programme \u00ab\u2009<strong>Grow with Africa<\/strong>\u2009\u00bb, lanc\u00e9 en novembre 2018 \u00e0 Dakar, la capitale s\u00e9n\u00e9galaise, par le groupe fran\u00e7ais Soci\u00e9t\u00e9 G\u00e9n\u00e9rale. L\u2019un des objectifs de ce programme est de booster le d\u00e9veloppement des PME africaines. Ces structures, selon le groupe bancaire fran\u00e7ais, constituent <strong>90 %<\/strong> des entreprises priv\u00e9es en Afrique et h\u00e9bergent plus de 70 % des emplois sur ce continent. Concr\u00e8tement, sur une p\u00e9riode de <strong>5 ans<\/strong>, Grow Africa ambitionne d\u2019augmenter de 60 % (<strong>4 milliards d\u2019euros<\/strong>) son encours de cr\u00e9dits en faveur des PME africaines.<\/p>\n<p>Cette augmentation permettra de porter l\u2019enveloppe globale des financements des PME \u00e0 <strong>10 milliards d\u2019euros<\/strong>, a annonc\u00e9 <strong>Fr\u00e9d\u00e9ric Oud\u00e9a<\/strong>, le directeur g\u00e9n\u00e9ral du groupe Soci\u00e9t\u00e9 G\u00e9n\u00e9rale. C\u2019\u00e9tait au cours d\u2019une conf\u00e9rence de presse organis\u00e9e le 29 novembre 2018 dans la capitale s\u00e9n\u00e9galaise.<\/p>\n<div class=\"about-author about-author-box container-wrapper\">\n<div class=\"author-avatar\">\n<p><img decoding=\"async\" src=\"http:\/\/\" alt=\"\"\/><\/p>\n<\/div>\n<p><h4>La R\u00e9daction EcoMatin<\/h4>\n<\/p>\n<\/div>\n<div class=\"awac-wrapper awac widget blog_subscription-2\">\n<h4 class=\"widget-title\">Abonnez-vous \u00e0 notre lettre d&rsquo;information<\/h4>\n<\/div>\n<\/div>\n<div class=\"toggle-post-content clearfix\"><a id=\"toggle-post-button\" class=\"button\" href=\"#\">Afficher plus <\/a><\/div>\n<p>Auteur: EcoMatin<br \/>\n<a href=\"https:\/\/ecomatin.net\/entrepreneuriat-lappui-de-societe-generale-aux-pme-camerounaises\/\">Cliquez ici pour lire l&rsquo;article depuis sa source.<\/a><\/p>\n","protected":false},"excerpt":{"rendered":"<p>C\u2019est l\u2019une des contraintes majeures dans le d\u00e9veloppement des Petites et moyennes entreprises (PME) au Cameroun, l\u2019acc\u00e8s au cr\u00e9dit. Les garanties exig\u00e9es tr\u00e8s souvent par les banques commerciales \u00e9tant assez souvent hors de port\u00e9e. C\u2019est cette difficult\u00e9 d\u2019acc\u00e8s au financement que souhaite all\u00e9ger la Banque Soci\u00e9t\u00e9 G\u00e9n\u00e9rale Cameroun pour les PME camerounaises, \u00e0 travers sa [&hellip;]<\/p>\n","protected":false},"author":1969,"featured_media":0,"comment_status":"closed","ping_status":"closed","sticky":false,"template":"","format":"standard","meta":{"fifu_image_url":"","fifu_image_alt":"","footnotes":""},"categories":[82,78],"tags":[],"class_list":["post-48248","post","type-post","status-publish","format-standard","hentry","category-cameroun","category-economie"],"_links":{"self":[{"href":"https:\/\/linitiative.ca\/International\/wp-json\/wp\/v2\/posts\/48248","targetHints":{"allow":["GET"]}}],"collection":[{"href":"https:\/\/linitiative.ca\/International\/wp-json\/wp\/v2\/posts"}],"about":[{"href":"https:\/\/linitiative.ca\/International\/wp-json\/wp\/v2\/types\/post"}],"author":[{"embeddable":true,"href":"https:\/\/linitiative.ca\/International\/wp-json\/wp\/v2\/users\/1969"}],"replies":[{"embeddable":true,"href":"https:\/\/linitiative.ca\/International\/wp-json\/wp\/v2\/comments?post=48248"}],"version-history":[{"count":0,"href":"https:\/\/linitiative.ca\/International\/wp-json\/wp\/v2\/posts\/48248\/revisions"}],"wp:attachment":[{"href":"https:\/\/linitiative.ca\/International\/wp-json\/wp\/v2\/media?parent=48248"}],"wp:term":[{"taxonomy":"category","embeddable":true,"href":"https:\/\/linitiative.ca\/International\/wp-json\/wp\/v2\/categories?post=48248"},{"taxonomy":"post_tag","embeddable":true,"href":"https:\/\/linitiative.ca\/International\/wp-json\/wp\/v2\/tags?post=48248"}],"curies":[{"name":"wp","href":"https:\/\/api.w.org\/{rel}","templated":true}]}}