{"id":48249,"date":"2019-07-25T05:32:15","date_gmt":"2019-07-25T09:32:15","guid":{"rendered":"https:\/\/linitiative.ca\/International\/video-ziyech-rate-le-penalty-mais-pas-le-mercato\/"},"modified":"2019-07-25T05:32:15","modified_gmt":"2019-07-25T09:32:15","slug":"video-ziyech-rate-le-penalty-mais-pas-le-mercato","status":"publish","type":"post","link":"https:\/\/linitiative.ca\/International\/video-ziyech-rate-le-penalty-mais-pas-le-mercato\/","title":{"rendered":"Vid\u00e9o. Ziyech rate le penalty mais pas le Mercato !"},"content":{"rendered":"<p><strong>Les vacances sont finies pour Hakim Ziyech. L\u2019international marocain retourne aupr\u00e8s de son club l\u2019Ajax Amsterdam, pour reprendre les entra\u00eenements. Toujours incertain sur son avenir, le Lion de l\u2019Atlas semble ravi de retrouver ses co\u00e9quipiers.<\/strong><\/p>\n<div class=\"c10\"\/>\n<p>Ziyech s\u2019est rendu \u00e0 l\u2019Ajax, ce lundi, 22 juillet. Le joueur marocain a profit\u00e9 de onze jours de vacances pour se vider la t\u00eate apr\u00e8s l\u2019\u00e9limination pr\u00e9matur\u00e9e du Maroc en Coupe d\u2019Afrique des Nations et les critiques dont il a fait l\u2019objet pour ses prestations rat\u00e9es. \u00abMes vacances\u00a0ont \u00e9t\u00e9 bonnes, j\u2019ai pass\u00e9 11 jours au Maroc. Je me suis repos\u00e9. Mais, je suis excit\u00e9 de recommencer maintenant. Cette semaine, je vais rejoindre le groupe \u00e0 l\u2019entra\u00eenement, je me sens bien\u00bb, a-t-il d\u00e9clar\u00e9 \u00e0 Ajax TV.<\/p>\n<blockquote class=\"twitter-tweet\" data-width=\"550\" data-dnt=\"true\">\n<p lang=\"en\" dir=\"ltr\">Welcome back, Hakim! \ud83e\udd70<a href=\"https:\/\/twitter.com\/hashtag\/PreSeason?src=hash&#038;ref_src=twsrc%5Etfw\">#PreSeason<\/a> \ud83c\uddf3\ud83c\uddf1 <a href=\"https:\/\/t.co\/fpQSsmaDK7\">pic.twitter.com\/fpQSsmaDK7<\/a><\/p>\n<p>\u2014 AFC Ajax (@AFCAjax) <a href=\"https:\/\/twitter.com\/AFCAjax\/status\/1153242024692322306?ref_src=twsrc%5Etfw\">July 22, 2019<\/a><\/p>\n<\/blockquote>\n<p>Alors qu\u2019il s\u2019\u00e9loigne de plus en plus du Bayern, Hakim Ziyech serait suivi de tr\u00e8s pr\u00e8s par un g\u00e9ant fran\u00e7ais. Il s\u2019agit de l\u2019Olympique Lyonnais qui voudrait enr\u00f4ler le Lion de l\u2019Atlas, rapporte le site sportif Foot01. En effet, les dirigeants du club fran\u00e7ais souhaiteraient recruter Ziyech pour pallier le d\u00e9part de Nabil F\u00e9kir. Et d\u2019ajouter que le transfert du milieu de terrain marocain plaira aux supporters du club fran\u00e7ais. De l\u2019autre c\u00f4t\u00e9, et selon la presse italienne, Ziyech int\u00e9resse Naples. Le g\u00e9ant de Serie A qui n\u2019a pas r\u00e9ussi \u00e0 conclure avec James Rodriguez s\u2019est tourn\u00e9 vers l\u2019option Ziyech.<\/p>\n<p>Lire aussi : <a href=\"https:\/\/www.challenge.ma\/ziyech-vs-talbi-alami-hakim-met-fin-au-quiproquo-112440\/\" target=\"_blank\" rel=\"noopener noreferrer\">Ziyech VS Talbi Alami : Hakim met fin au quiproquo !<\/a><\/p>\n<p>L\u2019Olympique de Lyon rentre dans la course et\u00a0 semble se rappeler du Marocain qu\u2019elle a courtis\u00e9 l\u2019\u00e9t\u00e9 dernier. Selon le Quotidien du Foot. Selon cette m\u00eame source, le directeur du club Jean Michel Aulas, \u00e9galement attir\u00e9 par le prix du Lion et n\u2019attendrait que la confirmation du d\u00e9part du champion du monde 2018 pour foncer sur la piste du natif de Dronten.<\/p>\n<p><strong>Combien \u00e7a co\u00fbterait de recruter Hakim Ziyech<\/strong><\/p>\n<p>Avec 20 buts en 44 matches disput\u00e9s sur l\u2019ensemble du dernier exercice, Hakim Ziyech sort d\u2019une saison pleine. Sauf que l\u2019ailier de 26 ans n\u2019est pas aussi courtis\u00e9 que d\u2019autres de ses camarades avant lui, Matthijs de Ligt (parti \u00e0 la Juventus), ou Frenkie de Jong (recrut\u00e9 par le Bar\u00e7a). Il se dit dans la presse n\u00e9erlandaise que l\u2019Ajax voudrait 35 millions d\u2019euros pour l\u00e2cher son joueur. C\u2019est-\u00e0-dire plus pour Lyon, que l\u2019indemnit\u00e9 record de 24 millions d\u2019euros pay\u00e9es r\u00e9cemment, pour Joachim Andersen. C\u2019est par contre inf\u00e9rieur \u00e0 l\u2019estimation de sa valeur marchande, donn\u00e9e \u00e0 40 millions d\u2019euros par Transfermarkt et 57 millions de la part de KPMG. L\u2019Ajax a pay\u00e9 11 millions d\u2019euros \u00e0 Twente pour le recruter en 2016. Outre l\u2019OL, le Bayern Munich s\u2019int\u00e9resserait \u00e0 lui.<\/p>\n<p>Pour l\u2019instant, Hakim Ziyech est toujours un \u00e9l\u00e9ment important de l\u2019Ajax Amsterdam, comme l\u2019a confirm\u00e9 le directeur sportif du club, Marc Overmars. Dans un r\u00e9cent entretien, Overmars a affirm\u00e9 que si son joueur star n\u2019avait pas d\u2019offre convaincante, il continuera \u00e0 \u00e9voluer sous les couleurs du club n\u00e9erlandais.<\/p>\n<div class=\"c17\">\n<fieldset class=\"c16\">\n<legend><strong><span class=\"c11\">Challenge<\/span><span class=\"c12\">news<\/span><\/strong><\/legend>\n<div class=\"c15\">Le meilleur de la r\u00e9daction s\u00e9lectionn\u00e9 par Challenge :<\/p>\n<\/div>\n<\/fieldset>\n<\/div>\n<p>Auteur: Hajar DARI<br \/>\n<a href=\"https:\/\/www.challenge.ma\/video-ziyech-rate-le-penalty-mais-pas-le-mercato-113704\/\">Cliquez ici pour lire l&rsquo;article depuis sa source.<\/a><\/p>\n","protected":false},"excerpt":{"rendered":"<p>Les vacances sont finies pour Hakim Ziyech. L\u2019international marocain retourne aupr\u00e8s de son club l\u2019Ajax Amsterdam, pour reprendre les entra\u00eenements. Toujours incertain sur son avenir, le Lion de l\u2019Atlas semble ravi de retrouver ses co\u00e9quipiers. Ziyech s\u2019est rendu \u00e0 l\u2019Ajax, ce lundi, 22 juillet. Le joueur marocain a profit\u00e9 de onze jours de vacances pour [&hellip;]<\/p>\n","protected":false},"author":1787,"featured_media":0,"comment_status":"closed","ping_status":"closed","sticky":false,"template":"","format":"standard","meta":{"fifu_image_url":"","fifu_image_alt":"","footnotes":""},"categories":[78,54],"tags":[],"class_list":["post-48249","post","type-post","status-publish","format-standard","hentry","category-economie","category-maroc"],"_links":{"self":[{"href":"https:\/\/linitiative.ca\/International\/wp-json\/wp\/v2\/posts\/48249","targetHints":{"allow":["GET"]}}],"collection":[{"href":"https:\/\/linitiative.ca\/International\/wp-json\/wp\/v2\/posts"}],"about":[{"href":"https:\/\/linitiative.ca\/International\/wp-json\/wp\/v2\/types\/post"}],"author":[{"embeddable":true,"href":"https:\/\/linitiative.ca\/International\/wp-json\/wp\/v2\/users\/1787"}],"replies":[{"embeddable":true,"href":"https:\/\/linitiative.ca\/International\/wp-json\/wp\/v2\/comments?post=48249"}],"version-history":[{"count":0,"href":"https:\/\/linitiative.ca\/International\/wp-json\/wp\/v2\/posts\/48249\/revisions"}],"wp:attachment":[{"href":"https:\/\/linitiative.ca\/International\/wp-json\/wp\/v2\/media?parent=48249"}],"wp:term":[{"taxonomy":"category","embeddable":true,"href":"https:\/\/linitiative.ca\/International\/wp-json\/wp\/v2\/categories?post=48249"},{"taxonomy":"post_tag","embeddable":true,"href":"https:\/\/linitiative.ca\/International\/wp-json\/wp\/v2\/tags?post=48249"}],"curies":[{"name":"wp","href":"https:\/\/api.w.org\/{rel}","templated":true}]}}