{"id":48251,"date":"2019-07-25T08:50:11","date_gmt":"2019-07-25T12:50:11","guid":{"rendered":"https:\/\/linitiative.ca\/International\/rdc-663-executions-sommaires-et-extrajudiciaires-en-six-mois-selon-lonu\/"},"modified":"2019-07-25T08:50:11","modified_gmt":"2019-07-25T12:50:11","slug":"rdc-663-executions-sommaires-et-extrajudiciaires-en-six-mois-selon-lonu","status":"publish","type":"post","link":"https:\/\/linitiative.ca\/International\/rdc-663-executions-sommaires-et-extrajudiciaires-en-six-mois-selon-lonu\/","title":{"rendered":"RDC: 663 ex\u00e9cutions sommaires et extrajudiciaires en six mois, selon l\u2019ONU"},"content":{"rendered":"<div readability=\"32\">\n<p>Publi\u00e9 le 25.07.2019 \u00e0 13h50 par AFP<\/p>\n<\/div>\n<div readability=\"79\">\n<p>Pr\u00e8s de 700 personnes ont \u00e9t\u00e9 victimes d\u2019ex\u00e9cutions sommaires et extrajudicaires de janvier \u00e0 juin 2019 en R\u00e9publique d\u00e9mocratique du Congo (RDC), dont un tiers commises par les forces de s\u00e9curit\u00e9, a rapport\u00e9 jeudi l\u2019ONU.<\/p>\n<p>Les membres des forces de l\u2019ordre et de s\u00e9curit\u00e9 sont d\u00e9sign\u00e9s comme responsables \u00ab\u00a0d\u2019au moins 245\u00a0\u00bb ex\u00e9cutions extrajudiciaires et les groupes arm\u00e9s \u00ab\u00a0d\u2019au moins 418\u00a0\u00bb ex\u00e9cutions sommaires, selon le rapport semestriel du bureau conjoint des Nations unies aux droits de l\u2019Homme (BCNUDH).<\/p>\n<p>Dans l\u2019ensemble, le BNUDH a document\u00e9 \u00ab\u00a03.039 violations et atteintes aux droits de l\u2019homme sur l\u2019ensemble du territoire de la RDC, soit une baisse par rapport \u00e0 la m\u00eame p\u00e9riode l\u2019ann\u00e9e pr\u00e9c\u00e9dente (3.324 violations)\u00a0\u00bb, a d\u00e9clar\u00e9 Abdoul Aziz Thioye son directeur en RDC.<\/p>\n<p>Quant aux responsables de ces violations des droits de l\u2019Homme, les membres des forces de l\u2019ordre et de s\u00e9curit\u00e9 viennent en t\u00eate avec \u00ab\u00a059% des violations\u00a0\u00bb, les groupes arm\u00e9s \u00e9tant eux responsables de \u00ab\u00a041%\u00a0\u00bb de ces violations, a-t-il indiqu\u00e9.<\/p>\n<p>\u00ab\u00a0Parmi les agents de l\u2019\u00c9tat, les militaires de (l\u2019arm\u00e9e congolaise) sont ceux ayant commis le plus grand nombre de violations, avec plus d\u2019un quart du nombre total de violations document\u00e9es par le BCNUDH au cours du semestre\u00a0\u00bb, a-t-il expliqu\u00e9.<\/p>\n<p>\u00ab\u00a0Pr\u00e8s de 81%\u00a0\u00bb de ces violations \u00ab\u00a0ont \u00e9t\u00e9 commises dans les provinces affect\u00e9es par le conflit, dont pr\u00e8s de la moiti\u00e9 commise par des agents de l\u2019\u00c9tat et l\u2019autre moiti\u00e9 par des combattants de groupes arm\u00e9s\u00a0\u00bb, selon M. Thioye.<\/p>\n<p>Au premier semestre, \u00ab\u00a0461 violations li\u00e9es \u00e0 des restrictions \u00e0 l\u2019espace d\u00e9mocratique sur l\u2019ensemble du territoire, soit une baisse de pr\u00e8s de 8% par rapport \u00e0 la m\u00eame p\u00e9riode de l\u2019ann\u00e9e 2018\u00a0\u00bb ont \u00e9t\u00e9 enregistr\u00e9es, a-t-il encore pr\u00e9cis\u00e9.<\/p>\n<p>Il justifie cette baisse par l\u2019ouverture de l\u2019espace politique et d\u00e9mocratique constat\u00e9e apr\u00e8s l\u2019investiture du pr\u00e9sident F\u00e9lix Tshisekedi fin janvier.<\/p>\n<\/div>\n<p>Auteur: AFP<br \/>\n<a href=\"https:\/\/www.journalducameroun.com\/rdc-663-executions-sommaires-et-extrajudiciaires-en-six-mois-selon-lonu\/\">Cliquez ici pour lire l&rsquo;article depuis sa source.<\/a><\/p>\n","protected":false},"excerpt":{"rendered":"<p>Publi\u00e9 le 25.07.2019 \u00e0 13h50 par AFP Pr\u00e8s de 700 personnes ont \u00e9t\u00e9 victimes d\u2019ex\u00e9cutions sommaires et extrajudicaires de janvier \u00e0 juin 2019 en R\u00e9publique d\u00e9mocratique du Congo (RDC), dont un tiers commises par les forces de s\u00e9curit\u00e9, a rapport\u00e9 jeudi l\u2019ONU. Les membres des forces de l\u2019ordre et de s\u00e9curit\u00e9 sont d\u00e9sign\u00e9s comme responsables [&hellip;]<\/p>\n","protected":false},"author":1965,"featured_media":0,"comment_status":"closed","ping_status":"closed","sticky":false,"template":"","format":"standard","meta":{"fifu_image_url":"","fifu_image_alt":"","footnotes":""},"categories":[73,82],"tags":[],"class_list":["post-48251","post","type-post","status-publish","format-standard","hentry","category-actualite","category-cameroun"],"_links":{"self":[{"href":"https:\/\/linitiative.ca\/International\/wp-json\/wp\/v2\/posts\/48251","targetHints":{"allow":["GET"]}}],"collection":[{"href":"https:\/\/linitiative.ca\/International\/wp-json\/wp\/v2\/posts"}],"about":[{"href":"https:\/\/linitiative.ca\/International\/wp-json\/wp\/v2\/types\/post"}],"author":[{"embeddable":true,"href":"https:\/\/linitiative.ca\/International\/wp-json\/wp\/v2\/users\/1965"}],"replies":[{"embeddable":true,"href":"https:\/\/linitiative.ca\/International\/wp-json\/wp\/v2\/comments?post=48251"}],"version-history":[{"count":0,"href":"https:\/\/linitiative.ca\/International\/wp-json\/wp\/v2\/posts\/48251\/revisions"}],"wp:attachment":[{"href":"https:\/\/linitiative.ca\/International\/wp-json\/wp\/v2\/media?parent=48251"}],"wp:term":[{"taxonomy":"category","embeddable":true,"href":"https:\/\/linitiative.ca\/International\/wp-json\/wp\/v2\/categories?post=48251"},{"taxonomy":"post_tag","embeddable":true,"href":"https:\/\/linitiative.ca\/International\/wp-json\/wp\/v2\/tags?post=48251"}],"curies":[{"name":"wp","href":"https:\/\/api.w.org\/{rel}","templated":true}]}}