{"id":48252,"date":"2019-07-25T05:20:00","date_gmt":"2019-07-25T09:20:00","guid":{"rendered":"https:\/\/linitiative.ca\/International\/le-projet-du-mcc-dans-les-colleges-et-lycees-pour-la-rentree\/"},"modified":"2019-07-25T05:20:00","modified_gmt":"2019-07-25T09:20:00","slug":"le-projet-du-mcc-dans-les-colleges-et-lycees-pour-la-rentree","status":"publish","type":"post","link":"https:\/\/linitiative.ca\/International\/le-projet-du-mcc-dans-les-colleges-et-lycees-pour-la-rentree\/","title":{"rendered":"Le projet du MCC dans les coll\u00e8ges et lyc\u00e9es pour la rentr\u00e9e"},"content":{"rendered":"<p class=\"rtejustify\">Annonc\u00e9 en 2016, le projet du Millenium Challenge corporation (MCC) pour le renforcement du leadership et du management des coll\u00e8ges et lyc\u00e9es ne d\u00e9marre effectivement qu\u2019\u00e0 la rentr\u00e9e de septembre. La phase entre 2016 et 2019 a \u00e9t\u00e9 consacr\u00e9e \u00e0 la s\u00e9lection des \u00e9tablissements et \u00e0 la pr\u00e9paration du terrain. Une centaine d\u2019\u00e9tablissements dans trois r\u00e9gions (Tanger-T\u00e9touan-Al Hoce\u00efma, Marrakech-Safi et F\u00e8s-Mekn\u00e8s), devraient en b\u00e9n\u00e9ficier, en guise de pilotes. Le projet est financ\u00e9 par le MCC \u00e0 hauteur de 1,1 milliard de DH.<\/p>\n<p class=\"rtejustify\"><em>A.Na<\/em><\/p>\n<p>Auteur: hlafriqi<br \/>\n<a href=\"https:\/\/www.leconomiste.com\/article\/1048255-le-projet-du-mcc-dans-les-colleges-et-lycees-pour-la-rentree\">Cliquez ici pour lire l&rsquo;article depuis sa source.<\/a><\/p>\n","protected":false},"excerpt":{"rendered":"<p>Annonc\u00e9 en 2016, le projet du Millenium Challenge corporation (MCC) pour le renforcement du leadership et du management des coll\u00e8ges et lyc\u00e9es ne d\u00e9marre effectivement qu\u2019\u00e0 la rentr\u00e9e de septembre. La phase entre 2016 et 2019 a \u00e9t\u00e9 consacr\u00e9e \u00e0 la s\u00e9lection des \u00e9tablissements et \u00e0 la pr\u00e9paration du terrain. Une centaine d\u2019\u00e9tablissements dans trois [&hellip;]<\/p>\n","protected":false},"author":1763,"featured_media":0,"comment_status":"closed","ping_status":"closed","sticky":false,"template":"","format":"standard","meta":{"fifu_image_url":"","fifu_image_alt":"","footnotes":""},"categories":[78,54],"tags":[],"class_list":["post-48252","post","type-post","status-publish","format-standard","hentry","category-economie","category-maroc"],"_links":{"self":[{"href":"https:\/\/linitiative.ca\/International\/wp-json\/wp\/v2\/posts\/48252","targetHints":{"allow":["GET"]}}],"collection":[{"href":"https:\/\/linitiative.ca\/International\/wp-json\/wp\/v2\/posts"}],"about":[{"href":"https:\/\/linitiative.ca\/International\/wp-json\/wp\/v2\/types\/post"}],"author":[{"embeddable":true,"href":"https:\/\/linitiative.ca\/International\/wp-json\/wp\/v2\/users\/1763"}],"replies":[{"embeddable":true,"href":"https:\/\/linitiative.ca\/International\/wp-json\/wp\/v2\/comments?post=48252"}],"version-history":[{"count":0,"href":"https:\/\/linitiative.ca\/International\/wp-json\/wp\/v2\/posts\/48252\/revisions"}],"wp:attachment":[{"href":"https:\/\/linitiative.ca\/International\/wp-json\/wp\/v2\/media?parent=48252"}],"wp:term":[{"taxonomy":"category","embeddable":true,"href":"https:\/\/linitiative.ca\/International\/wp-json\/wp\/v2\/categories?post=48252"},{"taxonomy":"post_tag","embeddable":true,"href":"https:\/\/linitiative.ca\/International\/wp-json\/wp\/v2\/tags?post=48252"}],"curies":[{"name":"wp","href":"https:\/\/api.w.org\/{rel}","templated":true}]}}