{"id":48253,"date":"2019-07-25T06:47:47","date_gmt":"2019-07-25T10:47:47","guid":{"rendered":"https:\/\/linitiative.ca\/International\/projets-integrateurs-la-bdeac-attribue-lechec-aux-etats\/"},"modified":"2019-07-25T06:47:47","modified_gmt":"2019-07-25T10:47:47","slug":"projets-integrateurs-la-bdeac-attribue-lechec-aux-etats","status":"publish","type":"post","link":"https:\/\/linitiative.ca\/International\/projets-integrateurs-la-bdeac-attribue-lechec-aux-etats\/","title":{"rendered":"Projets int\u00e9grateurs : la Bdeac attribue l\u2019\u00e9chec aux Etats"},"content":{"rendered":"<p>Le financement des projets int\u00e9grateurs \u00e9tait au centre de la\u00a0 r\u00e9union de haut niveau tenue \u00e0 Douala du 5 au 6 juillet 2019 entre les ministres des finances, les partenaires au d\u00e9veloppement et experts sur les questions de finance et d\u2019\u00e9conomie de la zone <strong>Cemac<\/strong>. Seulement <strong>13 projets int\u00e9grateurs<\/strong> ont \u00e9t\u00e9 s\u00e9lectionn\u00e9s pour la p\u00e9riode 2017\/2020. Pour la premi\u00e8re phase du <strong>Programme \u00e9conomique r\u00e9gional<\/strong> (Per) de la zone Cemac, <em>les projets retenus n\u2019\u00e9taient \u00abpour la plupart qu\u2019au stade d\u2019id\u00e9es de projets, sans \u00e9tude de faisabilit\u00e9 pr\u00e9alables pour juger de leur bancabilit\u00e9, leurs impacts socio\u00e9conomiques et environnementaux<\/em>\u00bb, a reconnu avec regret le pr\u00e9sident de la <strong>Banque de d\u00e9veloppement des Etats de l\u2019Afrique Centrale<\/strong> (Bdeac<strong>), Fortunato-Ofa Mbo Nchama<\/strong>\u00a0 \u00e0 l\u2019entame de cette r\u00e9union. Le d\u00e9calage entre les pr\u00e9visions prioritaires des Etats et la programmation communautaire a \u00e9t\u00e9 en partie \u00e0 l\u2019origine de nombreux \u00e9checs de projets int\u00e9grateurs. Ce dysfonctionnement de planification \u00e9tait d\u2019ailleurs au centre de la 14\u00e8me session ordinaire de la Conf\u00e9rence des Chefs d\u2019Etat et la 8\u00e8me session du Comit\u00e9 de pilotage du <strong>Pref-Cemac<\/strong>.<\/p>\n<p><strong>Maturation des projets Int\u00e9grateurs<\/strong><\/p>\n<p>D\u2019apr\u00e8s les chiffres rendus publics par la Bdeac, le portefeuille r\u00e9gional des projets enregistre \u00e0 ce jour 13 projets\u00a0 s\u00e9lectionn\u00e9s pour la p\u00e9riode 2017-2020, dont 7 en cours. Les retards observ\u00e9s dans les autres projets, sont li\u00e9s aux manquements divers dans l\u2019\u00e9laboration desdits projets. Le Cameroun fait pourtant office de bon \u00e9l\u00e8ve parmi les Etats de la sous-r\u00e9gion. La locomotive de l\u2019Afrique centrale a en effet re\u00e7u, \u00e0 l\u2019occasion des travaux de Douala, le satisfecit du Comit\u00e9 d\u2019\u00e9tude des projets int\u00e9grateurs matures.<\/p>\n<p>Pour <strong>Charles Assamba Ongodo<\/strong>, directeur g\u00e9n\u00e9ral de la Coop\u00e9ration et de l\u2019int\u00e9gration r\u00e9gionale au Minepat, \u00ab<em>avec dix projets matures pr\u00e9sent\u00e9s, le Cameroun d\u00e9tient la palme d\u2019or des projets donc la maturit\u00e9 a plus de chance d\u2019obtenir des financements. Ces projets sont diversifi\u00e9s, avec une large pr\u00e9dominance des projets infrastructurels. Il y a aussi les p\u00f4les d\u2019excellence, parce qu\u2019il ne faut pas que faire dans les infrastructures, il faut d\u00e9velopper les comp\u00e9tences. Il y a donc des p\u00f4les d\u2019excellence avec l\u2019universit\u00e9 inter-Etats de Sangm\u00e9lima<\/em>\u00bb.<\/p>\n<p>Le Cameroun contrairement \u00e0 ses pairs de la sous-r\u00e9gion a opportun\u00e9ment pr\u00e9sent\u00e9 au Comit\u00e9, des projets diversifi\u00e9s dans des domaines savamment s\u00e9lectionn\u00e9s: nouvelles technologies de l\u2019information et de la communication, num\u00e9rique, d\u00e9veloppement de la fibre optique, etc. Ce, en pr\u00e9lude aux importants rendez-vous attendus dans ce pays: le CHAN 2020 et la CAN 2021, notamment. \u00ab <em>Ce sont des projets diversifi\u00e9s parce que nous voulons \u00eatre en coh\u00e9rence avec la deuxi\u00e8me phase de notre programme, qui vise non seulement une int\u00e9gration physique mais aussi du commerce. Il faut qu\u2019on ait les capacit\u00e9s pour pouvoir \u00e9changer entre nous, ce d\u2019autant que nous avons \u00e0 l\u2019horizon, la zone de libre-\u00e9change continental et nous voulons nous positionner pour \u00eatre comp\u00e9titif<\/em> \u00bb, pr\u00e9cise encore Charles Assamba Ongodo. Dans sa casquette de pr\u00e9sident du Comit\u00e9 inter-Etats, Charles Assamba Ongodo est toutefois ferme sur l\u2019une des conditions requises pour b\u00e9n\u00e9ficier des financements des projets par la Bdeac: \u00ab\u2026.<em>La condition essentielle pour qu\u2019un projet soit \u00e9ligible au financement, c\u2019est sa maturit\u00e9. Les bailleurs privil\u00e9gient les projets matures avec un int\u00e9r\u00eat int\u00e9grateur<\/em>\u00bb.<\/p>\n<p>Il est rejoint dans cette appr\u00e9ciation par le chef de division Energie, infrastructure et secteur financier \u00e0 la <strong>Banque africaine de d\u00e9veloppement<\/strong> (Bad), le <strong>Dr. N\u2019Guessan Joseph Kouassi<\/strong>, qui pense que le Cameroun \u00ab<em>a mis en place une matrice de maturation des op\u00e9rations, qui fait en sorte que chaque projet soumis au Comit\u00e9 national de la dette publique remplisse les crit\u00e8res. Ce sont des \u00e9l\u00e9ments positifs que nous saluons au niveau de la banque et donc nous voulions que les autres r\u00e9gions s\u2019inspirent. Pour les bailleurs de fonds, un projet ne peut \u00eatre instruit d\u00e9sormais que lorsqu\u2019il satisfait aux conditions de priorisation interne aux pays<\/em>.\u00bb.<\/p>\n<p><strong>Zone de libre \u00e9change<\/strong><\/p>\n<p>Pour une convergence des plans de d\u00e9veloppement nationaux des pays avec les des objectifs de d\u00e9veloppement durable (Odd), \u00e0 l\u2019horizon 2030, et les d\u00e9fis de la <strong>zone de libre-\u00e9change continentale africaine<\/strong> (ZLECAF) d\u2019urgents pr\u00e9alables s\u2019imposent \u00e0 l\u2019Afrique centrale:\u00a0 un nouveau portefeuille actualis\u00e9 des projets matures, le suivi des projets par les Etats, la fourniture des fiches d\u00e9taill\u00e9es des 13 projets-phares, associ\u00e9s aux nouveaux projets int\u00e9grateurs, pour une meilleure identification et la promotion aupr\u00e8s des bailleurs de fonds, une am\u00e9lioration de la visibilit\u00e9 des projets et du dialogue avec les parties prenantes (bailleurs\/Etats\/Commission), avec un accent sur l\u2019engagement des Etats membres et une meilleure pr\u00e9paration des dossiers pour la recherche des financements. Depuis le lancement de cette initiative, <strong>1,2 milliard de Fcfa<\/strong> ont \u00e9t\u00e9 mobilis\u00e9s pour le financement des projets int\u00e9grateurs physiques dans la zone CEMAC.<\/p>\n<p><strong>\u00a0<\/strong><\/p>\n<div class=\"about-author about-author-box container-wrapper\">\n<div class=\"author-avatar\">\n<p><img decoding=\"async\" src=\"http:\/\/\" alt=\"\"\/><\/p>\n<\/div>\n<p><h4>La R\u00e9daction EcoMatin<\/h4>\n<\/p>\n<\/div>\n<div class=\"awac-wrapper awac widget blog_subscription-2\">\n<h4 class=\"widget-title\">Abonnez-vous \u00e0 notre lettre d&rsquo;information<\/h4>\n<\/div>\n<p>Auteur: EcoMatin<br \/>\n<a href=\"https:\/\/ecomatin.net\/projets-integrateurs-la-bdeac-attribue-lechec-aux-etats\/\">Cliquez ici pour lire l&rsquo;article depuis sa source.<\/a><\/p>\n","protected":false},"excerpt":{"rendered":"<p>Le financement des projets int\u00e9grateurs \u00e9tait au centre de la\u00a0 r\u00e9union de haut niveau tenue \u00e0 Douala du 5 au 6 juillet 2019 entre les ministres des finances, les partenaires au d\u00e9veloppement et experts sur les questions de finance et d\u2019\u00e9conomie de la zone Cemac. Seulement 13 projets int\u00e9grateurs ont \u00e9t\u00e9 s\u00e9lectionn\u00e9s pour la p\u00e9riode [&hellip;]<\/p>\n","protected":false},"author":1969,"featured_media":0,"comment_status":"closed","ping_status":"closed","sticky":false,"template":"","format":"standard","meta":{"fifu_image_url":"","fifu_image_alt":"","footnotes":""},"categories":[82,78],"tags":[],"class_list":["post-48253","post","type-post","status-publish","format-standard","hentry","category-cameroun","category-economie"],"_links":{"self":[{"href":"https:\/\/linitiative.ca\/International\/wp-json\/wp\/v2\/posts\/48253","targetHints":{"allow":["GET"]}}],"collection":[{"href":"https:\/\/linitiative.ca\/International\/wp-json\/wp\/v2\/posts"}],"about":[{"href":"https:\/\/linitiative.ca\/International\/wp-json\/wp\/v2\/types\/post"}],"author":[{"embeddable":true,"href":"https:\/\/linitiative.ca\/International\/wp-json\/wp\/v2\/users\/1969"}],"replies":[{"embeddable":true,"href":"https:\/\/linitiative.ca\/International\/wp-json\/wp\/v2\/comments?post=48253"}],"version-history":[{"count":0,"href":"https:\/\/linitiative.ca\/International\/wp-json\/wp\/v2\/posts\/48253\/revisions"}],"wp:attachment":[{"href":"https:\/\/linitiative.ca\/International\/wp-json\/wp\/v2\/media?parent=48253"}],"wp:term":[{"taxonomy":"category","embeddable":true,"href":"https:\/\/linitiative.ca\/International\/wp-json\/wp\/v2\/categories?post=48253"},{"taxonomy":"post_tag","embeddable":true,"href":"https:\/\/linitiative.ca\/International\/wp-json\/wp\/v2\/tags?post=48253"}],"curies":[{"name":"wp","href":"https:\/\/api.w.org\/{rel}","templated":true}]}}