{"id":48259,"date":"2019-07-25T05:41:29","date_gmt":"2019-07-25T09:41:29","guid":{"rendered":"https:\/\/linitiative.ca\/International\/samsung-devoile-la-date-de-lancement-de-son-smartphone-pliable\/"},"modified":"2019-07-25T05:41:29","modified_gmt":"2019-07-25T09:41:29","slug":"samsung-devoile-la-date-de-lancement-de-son-smartphone-pliable","status":"publish","type":"post","link":"https:\/\/linitiative.ca\/International\/samsung-devoile-la-date-de-lancement-de-son-smartphone-pliable\/","title":{"rendered":"Samsung d\u00e9voile la date de lancement de son Smartphone pliable"},"content":{"rendered":"<p><strong>D\u00e9voil\u00e9 en m\u00eame temps que le Galaxy S10 lors du Galaxy Unpacked tenu le 20 f\u00e9vrier 2019 \u00e0 San Francisco, le Galaxy Fold sera\u00a0bient\u00f4t commercialis\u00e9. Via ce device, le fabricant sud-cor\u00e9en cherche \u00e0 raviver le secteur de la t\u00e9l\u00e9phonie mobile.<br \/><\/strong><\/p>\n<div class=\"c10\"\/>\n<p>Le nouveau mod\u00e8le de <strong>Smartphone pliable<\/strong> de Samsung Electronics, dont le lancement a \u00e9t\u00e9 retard\u00e9 pour des probl\u00e8mes d\u2019\u00e9cran, sera disponible en septembre, a annonc\u00e9 jeudi le mastodonte sud-cor\u00e9en. Cette annonce intervient dans un contexte de m\u00e9sententes entre S\u00e9oul et Tokyo qui a impos\u00e9 des restrictions sur les exportations en Cor\u00e9e du Sud de produits chimiques essentiels \u00e0 la fabrication des puces et \u00e9crans de Smartphones.<\/p>\n<p>Lire aussi : <a href=\"https:\/\/www.challenge.ma\/samsung-galaxy-a80-un-vent-de-fraicheur-dans-le-segment-haut-de-gamme-109903\/\" target=\"_blank\" rel=\"noopener noreferrer\">Samsung Galaxy A80 : un vent de fra\u00eecheur dans le segment haut de gamme<\/a><\/p>\n<p>Ces mesures, soulignent les sp\u00e9cialistes, sont susceptibles de p\u00e9naliser le d\u00e9ploiement de la 5G et des nouveaux produits de Samsung comme le <strong>Galaxy Fold<\/strong> dont le lancement \u00e9tait pr\u00e9vu en avril avant que les tests ne fassent \u00e9tat de graves probl\u00e8mes d\u2019\u00e9crans bris\u00e9s. Le device a \u00e9t\u00e9 \u00abam\u00e9lior\u00e9\u00bb et le Smartphone va \u00eatre mis en vente en septembre apr\u00e8s les derniers tests produits, a pr\u00e9cis\u00e9 le g\u00e9ant sud-cor\u00e9en.<\/p>\n<p><iframe loading=\"lazy\" width=\"1140\" height=\"641\" src=\"https:\/\/www.youtube.com\/embed\/ISjiJQGJ72o?feature=oembed\" frameborder=\"0\" allow=\"accelerometer; autoplay; encrypted-media; gyroscope; picture-in-picture\" allowfullscreen=\"\">[embedded content]<\/iframe><\/p>\n<p><strong>Samsung<\/strong> a pass\u00e9 pr\u00e8s de huit ans \u00e0 mettre au point ce mod\u00e8le dans un effort pour relancer la demande et raviver un secteur de la t\u00e9l\u00e9phonie mobile \u00e0 la recherche d\u2019innovation.<\/p>\n<div class=\"c17\">\n<fieldset class=\"c16\">\n<legend><strong><span class=\"c11\">Challenge<\/span><span class=\"c12\">news<\/span><\/strong><\/legend>\n<div class=\"c15\">Le meilleur de la r\u00e9daction s\u00e9lectionn\u00e9 par Challenge :<\/p>\n<\/div>\n<\/fieldset>\n<\/div>\n<p>Auteur: Karim Handaoui<br \/>\n<a href=\"https:\/\/www.challenge.ma\/samsung-devoile-la-date-de-lancement-de-son-smartphone-pliable-113709\/\">Cliquez ici pour lire l&rsquo;article depuis sa source.<\/a><\/p>\n","protected":false},"excerpt":{"rendered":"<p>D\u00e9voil\u00e9 en m\u00eame temps que le Galaxy S10 lors du Galaxy Unpacked tenu le 20 f\u00e9vrier 2019 \u00e0 San Francisco, le Galaxy Fold sera\u00a0bient\u00f4t commercialis\u00e9. Via ce device, le fabricant sud-cor\u00e9en cherche \u00e0 raviver le secteur de la t\u00e9l\u00e9phonie mobile. Le nouveau mod\u00e8le de Smartphone pliable de Samsung Electronics, dont le lancement a \u00e9t\u00e9 retard\u00e9 [&hellip;]<\/p>\n","protected":false},"author":1787,"featured_media":0,"comment_status":"closed","ping_status":"closed","sticky":false,"template":"","format":"standard","meta":{"fifu_image_url":"","fifu_image_alt":"","footnotes":""},"categories":[78,54],"tags":[],"class_list":["post-48259","post","type-post","status-publish","format-standard","hentry","category-economie","category-maroc"],"_links":{"self":[{"href":"https:\/\/linitiative.ca\/International\/wp-json\/wp\/v2\/posts\/48259","targetHints":{"allow":["GET"]}}],"collection":[{"href":"https:\/\/linitiative.ca\/International\/wp-json\/wp\/v2\/posts"}],"about":[{"href":"https:\/\/linitiative.ca\/International\/wp-json\/wp\/v2\/types\/post"}],"author":[{"embeddable":true,"href":"https:\/\/linitiative.ca\/International\/wp-json\/wp\/v2\/users\/1787"}],"replies":[{"embeddable":true,"href":"https:\/\/linitiative.ca\/International\/wp-json\/wp\/v2\/comments?post=48259"}],"version-history":[{"count":0,"href":"https:\/\/linitiative.ca\/International\/wp-json\/wp\/v2\/posts\/48259\/revisions"}],"wp:attachment":[{"href":"https:\/\/linitiative.ca\/International\/wp-json\/wp\/v2\/media?parent=48259"}],"wp:term":[{"taxonomy":"category","embeddable":true,"href":"https:\/\/linitiative.ca\/International\/wp-json\/wp\/v2\/categories?post=48259"},{"taxonomy":"post_tag","embeddable":true,"href":"https:\/\/linitiative.ca\/International\/wp-json\/wp\/v2\/tags?post=48259"}],"curies":[{"name":"wp","href":"https:\/\/api.w.org\/{rel}","templated":true}]}}