{"id":48264,"date":"2019-07-25T07:30:12","date_gmt":"2019-07-25T11:30:12","guid":{"rendered":"https:\/\/linitiative.ca\/International\/vivo-smartphone-presente-son-nouveau-y15\/"},"modified":"2019-07-25T07:30:12","modified_gmt":"2019-07-25T11:30:12","slug":"vivo-smartphone-presente-son-nouveau-y15","status":"publish","type":"post","link":"https:\/\/linitiative.ca\/International\/vivo-smartphone-presente-son-nouveau-y15\/","title":{"rendered":"Vivo smartphone pr\u00e9sente son  nouveau Y15"},"content":{"rendered":"<header>\n<div class=\"entry-post-meta\">\n<div class=\"author-link\">Publi\u00e9 par <a itemprop=\"author\" itemscope=\"\" itemtype=\"https:\/\/schema.org\/Person\" href=\"http:\/\/aujourdhui.ma\/profile\/kaid\" rel=\"author\"><span itemprop=\"name\">ALM<\/span><\/a><\/div>\n<p>Date\u00a0:<time content=\"2019-07-25T12:30:12+00:00\" class=\"entry-date updated\" datetime=\"2019-07-25T12:30:12+00:00\">juillet 25, 2019<\/time><\/p>\n<div class=\"entry-cat\">dans:<a href=\"http:\/\/aujourdhui.ma\/category\/high-tech\" rel=\"category tag\">High-Tech<\/a><\/div>\n<p>0 Vues<\/p>\n<\/div>\n<\/header>\n<div class=\"entry-content clearfix\" readability=\"43\"><img decoding=\"async\" class=\"post_layout_5_img\" src=\"http:\/\/aujourdhui.ma\/wp-content\/uploads\/2019\/07\/Vivo-Y15.jpg?x29840\" alt=\"Vivo smartphone pr\u00e9sente son nouveau Y15\"\/><\/p>\n<p class=\"p1\"><span class=\"c4\"><strong>Vivo smartphone vient de d\u00e9voiler ses deux mod\u00e8les aux consommateurs Vivo Morocco.<\/strong><\/span> <span id=\"more-315783\"\/><\/p>\n<p class=\"p1\">Parmi ceux-ci, Vivo Y15, un smartphone d\u2019entr\u00e9e de gamme incluant la m\u00eame signature technologique. Dot\u00e9 de performances haut de gamme, il sera tr\u00e8s bient\u00f4t suivi par un mod\u00e8le phare qui pr\u00e9sentera tout le savoir-faire de Vivo, explique la marque. Ce mod\u00e8le est \u00e9quip\u00e9 d\u2019une batterie longue dur\u00e9e d\u2019une capacit\u00e9 de 5000mAh. Pour les amoureux du design, Vivo Y15 est propos\u00e9 en deux coloris, \u00abrouge Burgundy\u00bb et \u00abbleu eau\u00bb.<\/p>\n<\/div>\n<p>Auteur: ALM<br \/>\n<a href=\"http:\/\/aujourdhui.ma\/high-tech\/vivo-smartphone-presente-son-nouveau-y15\">Cliquez ici pour lire l&rsquo;article depuis sa source.<\/a><\/p>\n","protected":false},"excerpt":{"rendered":"<p>Publi\u00e9 par ALM Date\u00a0:juillet 25, 2019 dans:High-Tech 0 Vues Vivo smartphone vient de d\u00e9voiler ses deux mod\u00e8les aux consommateurs Vivo Morocco. Parmi ceux-ci, Vivo Y15, un smartphone d\u2019entr\u00e9e de gamme incluant la m\u00eame signature technologique. Dot\u00e9 de performances haut de gamme, il sera tr\u00e8s bient\u00f4t suivi par un mod\u00e8le phare qui pr\u00e9sentera tout le savoir-faire [&hellip;]<\/p>\n","protected":false},"author":1759,"featured_media":0,"comment_status":"closed","ping_status":"closed","sticky":false,"template":"","format":"standard","meta":{"fifu_image_url":"","fifu_image_alt":"","footnotes":""},"categories":[73,54],"tags":[],"class_list":["post-48264","post","type-post","status-publish","format-standard","hentry","category-actualite","category-maroc"],"_links":{"self":[{"href":"https:\/\/linitiative.ca\/International\/wp-json\/wp\/v2\/posts\/48264","targetHints":{"allow":["GET"]}}],"collection":[{"href":"https:\/\/linitiative.ca\/International\/wp-json\/wp\/v2\/posts"}],"about":[{"href":"https:\/\/linitiative.ca\/International\/wp-json\/wp\/v2\/types\/post"}],"author":[{"embeddable":true,"href":"https:\/\/linitiative.ca\/International\/wp-json\/wp\/v2\/users\/1759"}],"replies":[{"embeddable":true,"href":"https:\/\/linitiative.ca\/International\/wp-json\/wp\/v2\/comments?post=48264"}],"version-history":[{"count":0,"href":"https:\/\/linitiative.ca\/International\/wp-json\/wp\/v2\/posts\/48264\/revisions"}],"wp:attachment":[{"href":"https:\/\/linitiative.ca\/International\/wp-json\/wp\/v2\/media?parent=48264"}],"wp:term":[{"taxonomy":"category","embeddable":true,"href":"https:\/\/linitiative.ca\/International\/wp-json\/wp\/v2\/categories?post=48264"},{"taxonomy":"post_tag","embeddable":true,"href":"https:\/\/linitiative.ca\/International\/wp-json\/wp\/v2\/tags?post=48264"}],"curies":[{"name":"wp","href":"https:\/\/api.w.org\/{rel}","templated":true}]}}