{"id":48265,"date":"2019-07-25T09:18:06","date_gmt":"2019-07-25T13:18:06","guid":{"rendered":"https:\/\/linitiative.ca\/International\/deces-de-farouk-al-fichaoui-grande-star-du-cinema-egyptien\/"},"modified":"2019-07-25T09:18:06","modified_gmt":"2019-07-25T13:18:06","slug":"deces-de-farouk-al-fichaoui-grande-star-du-cinema-egyptien","status":"publish","type":"post","link":"https:\/\/linitiative.ca\/International\/deces-de-farouk-al-fichaoui-grande-star-du-cinema-egyptien\/","title":{"rendered":"D\u00e9c\u00e8s de Farouk Al-Fichaoui,  grande star du cin\u00e9ma \u00e9gyptien"},"content":{"rendered":"<div readability=\"32\">\n<p>Publi\u00e9 le 25.07.2019 \u00e0 14h18 par APA News<\/p>\n<\/div>\n<div readability=\"66\">\n<p>La grande star du cin\u00e9ma \u00e9gyptien, Farouk Al-Fichaoui, est d\u00e9c\u00e9d\u00e9e ce jeudi \u00e0 l\u2019\u00e2ge de 67 ans apr\u00e8s un long combat contre la maladie.Par Mohamed Fayed<\/p>\n<p>En octobre dernier, l\u2019acteur avait annonc\u00e9 \u00eatre atteint d\u2019un cancer, lors de l\u2019hommage que lui avait rendu le festival du cin\u00e9ma m\u00e9diterran\u00e9en d\u2019Alexandrie. Il avait annonc\u00e9 en public sa determination \u00e0 combattre cette maladie.<\/p>\n<p>N\u00e9 en 1952, \u00e0 Al-Manoufiya en \u00c9gypte, Farouk Al-Fichaoui a d\u2019abord obtenu une licence en lettres de l\u2019universit\u00e9 A\u00efn Chams au Caire avant de poursuivre des \u00e9tudes de th\u00e9\u00e2tre.<\/p>\n<p>Il avait entam\u00e9 par la suite une longue et riche carri\u00e8re o\u00f9 il a multipli\u00e9 les r\u00f4les dans le th\u00e9\u00e2tre, le cin\u00e9ma et la t\u00e9l\u00e9vision. Plus de 153 projets auxquels il a pris part.<\/p>\n<p>Parmi ses principaux r\u00f4les \u00e0 la t\u00e9l\u00e9vision, le feuilleton \u00ab Le soir o\u00f9 Fatima a \u00e9t\u00e9 arr\u00eat\u00e9e \u00bb.<\/p>\n<p>Dans le th\u00e9\u00e2tre, Farouk Al-Fichaoui a notamment brill\u00e9 dans \u00abAu bord du pr\u00e9cipice\u00bb, \u00ab Une cr\u00e9ature nomm\u00e9e femme \u00bb, \u00ab Un oiseau en cage \u00bb et les \u00abLes enfants de la soif\u00bb. Au cin\u00e9ma, ce sera \u00ab Le suspect \u00bb, \u00ab 48 heures en Isra\u00ebl \u00bb, \u00ab Le 7\u00e8 p\u00e9ch\u00e9 \u00bb, \u00ab Hanafi Oubaha \u00bb ou encore \u00ab Un homme tr\u00e8s important \u00bb.<\/p>\n<\/div>\n<p>Auteur: APA News<br \/>\n<a href=\"https:\/\/www.journalducameroun.com\/deces-de-farouk-al-fichaoui-grande-star-du-cinema-egyptien\/\">Cliquez ici pour lire l&rsquo;article depuis sa source.<\/a><\/p>\n","protected":false},"excerpt":{"rendered":"<p>Publi\u00e9 le 25.07.2019 \u00e0 14h18 par APA News La grande star du cin\u00e9ma \u00e9gyptien, Farouk Al-Fichaoui, est d\u00e9c\u00e9d\u00e9e ce jeudi \u00e0 l\u2019\u00e2ge de 67 ans apr\u00e8s un long combat contre la maladie.Par Mohamed Fayed En octobre dernier, l\u2019acteur avait annonc\u00e9 \u00eatre atteint d\u2019un cancer, lors de l\u2019hommage que lui avait rendu le festival du cin\u00e9ma [&hellip;]<\/p>\n","protected":false},"author":1965,"featured_media":0,"comment_status":"closed","ping_status":"closed","sticky":false,"template":"","format":"standard","meta":{"fifu_image_url":"","fifu_image_alt":"","footnotes":""},"categories":[73,82],"tags":[],"class_list":["post-48265","post","type-post","status-publish","format-standard","hentry","category-actualite","category-cameroun"],"_links":{"self":[{"href":"https:\/\/linitiative.ca\/International\/wp-json\/wp\/v2\/posts\/48265","targetHints":{"allow":["GET"]}}],"collection":[{"href":"https:\/\/linitiative.ca\/International\/wp-json\/wp\/v2\/posts"}],"about":[{"href":"https:\/\/linitiative.ca\/International\/wp-json\/wp\/v2\/types\/post"}],"author":[{"embeddable":true,"href":"https:\/\/linitiative.ca\/International\/wp-json\/wp\/v2\/users\/1965"}],"replies":[{"embeddable":true,"href":"https:\/\/linitiative.ca\/International\/wp-json\/wp\/v2\/comments?post=48265"}],"version-history":[{"count":0,"href":"https:\/\/linitiative.ca\/International\/wp-json\/wp\/v2\/posts\/48265\/revisions"}],"wp:attachment":[{"href":"https:\/\/linitiative.ca\/International\/wp-json\/wp\/v2\/media?parent=48265"}],"wp:term":[{"taxonomy":"category","embeddable":true,"href":"https:\/\/linitiative.ca\/International\/wp-json\/wp\/v2\/categories?post=48265"},{"taxonomy":"post_tag","embeddable":true,"href":"https:\/\/linitiative.ca\/International\/wp-json\/wp\/v2\/tags?post=48265"}],"curies":[{"name":"wp","href":"https:\/\/api.w.org\/{rel}","templated":true}]}}