{"id":48266,"date":"2019-07-25T05:20:00","date_gmt":"2019-07-25T09:20:00","guid":{"rendered":"https:\/\/linitiative.ca\/International\/terres-soulaliyates-la-reforme-adoptee\/"},"modified":"2019-07-25T05:20:00","modified_gmt":"2019-07-25T09:20:00","slug":"terres-soulaliyates-la-reforme-adoptee","status":"publish","type":"post","link":"https:\/\/linitiative.ca\/International\/terres-soulaliyates-la-reforme-adoptee\/","title":{"rendered":"Terres soulaliyates: La r\u00e9forme adopt\u00e9e"},"content":{"rendered":"<p class=\"rtejustify\">Les trois projets de loi relatifs \u00e0 la r\u00e9forme des terres collectives soulaliyates ont \u00e9t\u00e9 adopt\u00e9s. Ces textes, approuv\u00e9s hier en s\u00e9ance pl\u00e9ni\u00e8re \u00e0 la Chambre des repr\u00e9sentants, ont \u00e9t\u00e9 transf\u00e9r\u00e9s \u00e0 la Chambre des conseillers.<\/p>\n<p class=\"rtejustify\"><em>M.A.M.<\/em><\/p>\n<p class=\"rtejustify\">\u00a0<\/p>\n<p>Auteur: hlafriqi<br \/>\n<a href=\"https:\/\/www.leconomiste.com\/article\/1048252-terres-soulaliyates-la-reforme-adoptee\">Cliquez ici pour lire l&rsquo;article depuis sa source.<\/a><\/p>\n","protected":false},"excerpt":{"rendered":"<p>Les trois projets de loi relatifs \u00e0 la r\u00e9forme des terres collectives soulaliyates ont \u00e9t\u00e9 adopt\u00e9s. Ces textes, approuv\u00e9s hier en s\u00e9ance pl\u00e9ni\u00e8re \u00e0 la Chambre des repr\u00e9sentants, ont \u00e9t\u00e9 transf\u00e9r\u00e9s \u00e0 la Chambre des conseillers. M.A.M. \u00a0 Auteur: hlafriqi Cliquez ici pour lire l&rsquo;article depuis sa source.<\/p>\n","protected":false},"author":1763,"featured_media":0,"comment_status":"closed","ping_status":"closed","sticky":false,"template":"","format":"standard","meta":{"fifu_image_url":"","fifu_image_alt":"","footnotes":""},"categories":[78,54],"tags":[],"class_list":["post-48266","post","type-post","status-publish","format-standard","hentry","category-economie","category-maroc"],"_links":{"self":[{"href":"https:\/\/linitiative.ca\/International\/wp-json\/wp\/v2\/posts\/48266","targetHints":{"allow":["GET"]}}],"collection":[{"href":"https:\/\/linitiative.ca\/International\/wp-json\/wp\/v2\/posts"}],"about":[{"href":"https:\/\/linitiative.ca\/International\/wp-json\/wp\/v2\/types\/post"}],"author":[{"embeddable":true,"href":"https:\/\/linitiative.ca\/International\/wp-json\/wp\/v2\/users\/1763"}],"replies":[{"embeddable":true,"href":"https:\/\/linitiative.ca\/International\/wp-json\/wp\/v2\/comments?post=48266"}],"version-history":[{"count":0,"href":"https:\/\/linitiative.ca\/International\/wp-json\/wp\/v2\/posts\/48266\/revisions"}],"wp:attachment":[{"href":"https:\/\/linitiative.ca\/International\/wp-json\/wp\/v2\/media?parent=48266"}],"wp:term":[{"taxonomy":"category","embeddable":true,"href":"https:\/\/linitiative.ca\/International\/wp-json\/wp\/v2\/categories?post=48266"},{"taxonomy":"post_tag","embeddable":true,"href":"https:\/\/linitiative.ca\/International\/wp-json\/wp\/v2\/tags?post=48266"}],"curies":[{"name":"wp","href":"https:\/\/api.w.org\/{rel}","templated":true}]}}