{"id":48268,"date":"2019-07-25T07:12:00","date_gmt":"2019-07-25T11:12:00","guid":{"rendered":"https:\/\/linitiative.ca\/International\/le-president-beji-caid-essebsi-est-decede-la-tunisie-perd-un-grand-leader\/"},"modified":"2019-07-25T07:12:00","modified_gmt":"2019-07-25T11:12:00","slug":"le-president-beji-caid-essebsi-est-decede-la-tunisie-perd-un-grand-leader","status":"publish","type":"post","link":"https:\/\/linitiative.ca\/International\/le-president-beji-caid-essebsi-est-decede-la-tunisie-perd-un-grand-leader\/","title":{"rendered":"Le pr\u00e9sident B\u00e9ji Ca\u00efd Essebsi est d\u00e9c\u00e9d\u00e9 : La Tunisie perd un grand leader"},"content":{"rendered":"<p>Affliction, \u00e9motion. Le pr\u00e9sident B\u00e9ji Ca\u00efd Essebsi est d\u00e9c\u00e9d\u00e9 ce jeudi 25 juillet 2019 fait part la Pr\u00e9sidence de la R\u00e9publique. Selon le communiqu\u00e9 officiel publi\u00e9, il est d\u00e9c\u00e9d\u00e9 \u00e0 10H25 \u00e0 l\u2019h\u00f4pital militaire ou il avait \u00e9t\u00e9 r\u00e9admis d\u2019urgence la veille.<\/p>\n<p>Les modalit\u00e9s de la c\u00e9r\u00e9monie des fun\u00e9railles seront annonc\u00e9es ult\u00e9rieurement pr\u00e9cise Carthage.<\/p>\n<p><strong>Lire aussi<\/strong><\/p>\n<p><a href=\"https:\/\/www.leaders.com.tn\/article\/27572-exclusif-caid-essebsi-je-sais-que-je-suis-sur-le-depart-je-n-ai-pas-l-excuse-de-l-ignorance\" target=\"_blank\" rel=\"noopener noreferrer\">Exclusif &#8211; Ca\u00efd Essebsi : \u00ab Je sais que je suis sur le d\u00e9part, je n\u2019ai pas l\u2019excuse de l\u2019ignorance ! \u00bb<\/a><br \/><a href=\"https:\/\/www.leaders.com.tn\/article\/27571-mohamed-ennaceur\" target=\"_blank\" rel=\"noopener noreferrer\">Mohamed Ennaceur assurera l\u2019int\u00e9rim de Pr\u00e9sident de la R\u00e9publique<\/a><\/p>\n<p class=\"MsoNormal\">\u00a0<\/p>\n<p>Auteur:<br \/>\n<a href=\"https:\/\/www.leaders.com.tn\/article\/27570-le-president-beji-caid-essebsi-est-decede-la-tunisie-perd-un-grand-leader\">Cliquez ici pour lire l&rsquo;article depuis sa source.<\/a><\/p>\n","protected":false},"excerpt":{"rendered":"<p>Affliction, \u00e9motion. Le pr\u00e9sident B\u00e9ji Ca\u00efd Essebsi est d\u00e9c\u00e9d\u00e9 ce jeudi 25 juillet 2019 fait part la Pr\u00e9sidence de la R\u00e9publique. Selon le communiqu\u00e9 officiel publi\u00e9, il est d\u00e9c\u00e9d\u00e9 \u00e0 10H25 \u00e0 l\u2019h\u00f4pital militaire ou il avait \u00e9t\u00e9 r\u00e9admis d\u2019urgence la veille. Les modalit\u00e9s de la c\u00e9r\u00e9monie des fun\u00e9railles seront annonc\u00e9es ult\u00e9rieurement pr\u00e9cise Carthage. Lire [&hellip;]<\/p>\n","protected":false},"author":1772,"featured_media":0,"comment_status":"closed","ping_status":"closed","sticky":false,"template":"","format":"standard","meta":{"fifu_image_url":"","fifu_image_alt":"","footnotes":""},"categories":[73,55],"tags":[],"class_list":["post-48268","post","type-post","status-publish","format-standard","hentry","category-actualite","category-tunisie"],"_links":{"self":[{"href":"https:\/\/linitiative.ca\/International\/wp-json\/wp\/v2\/posts\/48268","targetHints":{"allow":["GET"]}}],"collection":[{"href":"https:\/\/linitiative.ca\/International\/wp-json\/wp\/v2\/posts"}],"about":[{"href":"https:\/\/linitiative.ca\/International\/wp-json\/wp\/v2\/types\/post"}],"author":[{"embeddable":true,"href":"https:\/\/linitiative.ca\/International\/wp-json\/wp\/v2\/users\/1772"}],"replies":[{"embeddable":true,"href":"https:\/\/linitiative.ca\/International\/wp-json\/wp\/v2\/comments?post=48268"}],"version-history":[{"count":0,"href":"https:\/\/linitiative.ca\/International\/wp-json\/wp\/v2\/posts\/48268\/revisions"}],"wp:attachment":[{"href":"https:\/\/linitiative.ca\/International\/wp-json\/wp\/v2\/media?parent=48268"}],"wp:term":[{"taxonomy":"category","embeddable":true,"href":"https:\/\/linitiative.ca\/International\/wp-json\/wp\/v2\/categories?post=48268"},{"taxonomy":"post_tag","embeddable":true,"href":"https:\/\/linitiative.ca\/International\/wp-json\/wp\/v2\/tags?post=48268"}],"curies":[{"name":"wp","href":"https:\/\/api.w.org\/{rel}","templated":true}]}}