{"id":48269,"date":"2019-07-25T06:42:30","date_gmt":"2019-07-25T10:42:30","guid":{"rendered":"https:\/\/linitiative.ca\/International\/malte-une-destination-tres-convoitee-juste-a-cote\/"},"modified":"2019-07-25T06:42:30","modified_gmt":"2019-07-25T10:42:30","slug":"malte-une-destination-tres-convoitee-juste-a-cote","status":"publish","type":"post","link":"https:\/\/linitiative.ca\/International\/malte-une-destination-tres-convoitee-juste-a-cote\/","title":{"rendered":"Malte : une destination tr\u00e8s convoit\u00e9e juste \u00e0 c\u00f4t\u00e9"},"content":{"rendered":"<p class=\"p1\"><strong><span class=\"s2\">Malte, cet archipel situ\u00e9 au centre de la M\u00e9diterran\u00e9e, entre la Sicile et la c\u00f4te d\u2019Afrique du Nord, regorge de monuments historiques, qui t\u00e9moignent du passage de plusieurs civilisations. A cette richesse historique, s\u2019ajoute une nature g\u00e9n\u00e9reuse en beaut\u00e9 et en diversit\u00e9.<span class=\"Apple-converted-space\">\u00a0\u00a0<\/span><\/span><\/strong><\/p>\n<div class=\"c10\"\/>\n<p class=\"p1\">Malte est un <strong>archipel<\/strong> form\u00e9 de huit \u00eeles tr\u00e8s convoit\u00e9 de par sa localisation strat\u00e9gique au milieu de la M\u00e9diterran\u00e9e, \u00e0 la crois\u00e9e de grandes routes commerciales entre le Proche-Orient, l\u2019Afrique du Nord, la Gr\u00e8ce et l\u2019Italie. Avec un ensoleillement plus qu\u2019enviable et un climat m\u00e9diterran\u00e9en, aux hivers doux et aux \u00e9t\u00e9s chauds et secs, la saison touristique d\u00e9marre tranquillement d\u00e8s fin mai pour s\u2019achever vers la fin octobre.<\/p>\n<p class=\"p2\">Destination touristique pris\u00e9e de la <strong>M\u00e9diterran\u00e9e<\/strong>, Malte reste pourtant encore peu fr\u00e9quent\u00e9e par les Marocains. <em>\u00abNous n\u2019avons que r\u00e9cemment commenc\u00e9 \u00e0 commercialiser Malte au Maroc et il est encore trop t\u00f4t pour dire \u00e0 quoi nous attendre. N\u00e9anmoins, Malta Tourism Authority (MTA) estime que <strong>Malte<\/strong> peut \u00eatre une destination int\u00e9ressante pour les Marocains en voyage et pour ceux qui souhaitent am\u00e9liorer leurs comp\u00e9tences linguistiques en anglais\u00bb,<\/em> souligne Emily Caruana, Executive Marketing Directorate du MTA. <em>\u00abGr\u00e2ce \u00e0 notre offre de produits vari\u00e9e, nous pr\u00e9sentons une destination alternative, diff\u00e9rente mais ayant des racines m\u00e9diterran\u00e9ennes similaires \u00e0 celles du Maroc \u00bb<\/em>, pr\u00e9cise Caruana.<\/p>\n<p class=\"p4\"><strong>Air Malta en pleine expansion<\/strong><\/p>\n<p class=\"p5\">Tourn\u00e9e dans le pass\u00e9 sur l\u2019Europe, Air Malta op\u00e8re un virage strat\u00e9gique avec une ambition de s\u2019ouvrir sur le reste du monde, notamment en Afrique. La compagnie a\u00e9rienne maltaise dessert aujourd\u2019hui 38 destinations, dont 35 sont europ\u00e9ennes. Air Malta a subi une transformation ces derni\u00e8res ann\u00e9es et a pu s\u2019adapter aux exigences du march\u00e9 du point de vue des tarifs, mais \u00e9galement du service. Ceci permet \u00e0 la compagnie de se renforcer comme la compagnie a\u00e9rienne de r\u00e9f\u00e9rence des \u00eeles m\u00e9diterran\u00e9ennes.<\/p>\n<p class=\"p2\"><em>\u00abAir Malta est en pleine croissance et expansion. En 2018, nous avons ouvert 15 nouvelles destinations dont Casablanca. De nouvelles destinations sont annonc\u00e9es comme par exemple le Caire pour cette ann\u00e9e. La compagnie offrira des destinations plus lointaines dans un futur proche\u00bb<\/em>, affirme Jose Desperatero, Regional sales Manager d\u2019<strong>Air Malta<\/strong>. Et d\u2019ajouter que <em>\u00abAir Malta volera vers le Caire \u00e0 partir de septembre. D\u2019autres pays africains seront annonc\u00e9s dans le futur\u00bb<\/em>. Pour son d\u00e9veloppement au Maroc, Desperatero indique que le Management compte pour l\u2019instant consolider ses fr\u00e9quences \u00e0 Casablanca avant d\u2019envisager de nouvelles villes au Maroc.<\/p>\n<div class=\"c17\">\n<fieldset class=\"c16\">\n<legend><strong><span class=\"c11\">Challenge<\/span><span class=\"c12\">news<\/span><\/strong><\/legend>\n<div class=\"c15\">Le meilleur de la r\u00e9daction s\u00e9lectionn\u00e9 par Challenge :<\/p>\n<\/div>\n<\/fieldset>\n<\/div>\n<p>Auteur: Hassan Manyani<br \/>\n<a href=\"https:\/\/www.challenge.ma\/malte-une-destination-tres-convoitee-juste-a-cote-113696\/\">Cliquez ici pour lire l&rsquo;article depuis sa source.<\/a><\/p>\n","protected":false},"excerpt":{"rendered":"<p>Malte, cet archipel situ\u00e9 au centre de la M\u00e9diterran\u00e9e, entre la Sicile et la c\u00f4te d\u2019Afrique du Nord, regorge de monuments historiques, qui t\u00e9moignent du passage de plusieurs civilisations. A cette richesse historique, s\u2019ajoute une nature g\u00e9n\u00e9reuse en beaut\u00e9 et en diversit\u00e9.\u00a0\u00a0 Malte est un archipel form\u00e9 de huit \u00eeles tr\u00e8s convoit\u00e9 de par sa [&hellip;]<\/p>\n","protected":false},"author":1787,"featured_media":0,"comment_status":"closed","ping_status":"closed","sticky":false,"template":"","format":"standard","meta":{"fifu_image_url":"","fifu_image_alt":"","footnotes":""},"categories":[78,54],"tags":[],"class_list":["post-48269","post","type-post","status-publish","format-standard","hentry","category-economie","category-maroc"],"_links":{"self":[{"href":"https:\/\/linitiative.ca\/International\/wp-json\/wp\/v2\/posts\/48269","targetHints":{"allow":["GET"]}}],"collection":[{"href":"https:\/\/linitiative.ca\/International\/wp-json\/wp\/v2\/posts"}],"about":[{"href":"https:\/\/linitiative.ca\/International\/wp-json\/wp\/v2\/types\/post"}],"author":[{"embeddable":true,"href":"https:\/\/linitiative.ca\/International\/wp-json\/wp\/v2\/users\/1787"}],"replies":[{"embeddable":true,"href":"https:\/\/linitiative.ca\/International\/wp-json\/wp\/v2\/comments?post=48269"}],"version-history":[{"count":0,"href":"https:\/\/linitiative.ca\/International\/wp-json\/wp\/v2\/posts\/48269\/revisions"}],"wp:attachment":[{"href":"https:\/\/linitiative.ca\/International\/wp-json\/wp\/v2\/media?parent=48269"}],"wp:term":[{"taxonomy":"category","embeddable":true,"href":"https:\/\/linitiative.ca\/International\/wp-json\/wp\/v2\/categories?post=48269"},{"taxonomy":"post_tag","embeddable":true,"href":"https:\/\/linitiative.ca\/International\/wp-json\/wp\/v2\/tags?post=48269"}],"curies":[{"name":"wp","href":"https:\/\/api.w.org\/{rel}","templated":true}]}}