{"id":48270,"date":"2019-07-25T07:30:26","date_gmt":"2019-07-25T11:30:26","guid":{"rendered":"https:\/\/linitiative.ca\/International\/tunisie-la-presidence-de-la-republique-appelle-les-tunisiens-a-lunion\/"},"modified":"2019-07-25T07:30:26","modified_gmt":"2019-07-25T11:30:26","slug":"tunisie-la-presidence-de-la-republique-appelle-les-tunisiens-a-lunion","status":"publish","type":"post","link":"https:\/\/linitiative.ca\/International\/tunisie-la-presidence-de-la-republique-appelle-les-tunisiens-a-lunion\/","title":{"rendered":"Tunisie \u2013 La pr\u00e9sidence de la R\u00e9publique appelle les tunisiens \u00e0 l\u2019union"},"content":{"rendered":"<div class=\"post-cont-in left relative\">\n<div class=\"swp_social_panel swp_horizontal_panel swp_flat_fresh swp_default_full_color swp_individual_full_color swp_other_full_color scale-100 scale-\" data-min-width=\"1100\" data-float-color=\"#ffffff\" data-float=\"none\" data-float-mobile=\"none\" data-transition=\"slide\">\n<div class=\"nc_tweetContainer swp_share_button total_shares total_sharesalt\"><span class=\"swp_count\">21 <span class=\"swp_label\">Partages<\/span><\/span><\/div>\n<\/div>\n<p>L\u2019institution de la pr\u00e9sidence de la R\u00e9publique a annonc\u00e9, sur sa page facebook, le d\u00e9c\u00e8s du pr\u00e9sident B\u00e9ji Ca\u00efed Essebsi, en rappelant qu\u2019il a consacr\u00e9 sa vie enti\u00e8re pour le pays et pour son union.<\/p>\n<p>La pr\u00e9sidence rappelle que BCE a eu le courage et le m\u00e9rite, de rassembler les tunisiens, au moment crucial o\u00f9 le pays \u00e9tait sur le point de la rupture.<\/p>\n<div class=\"code-block code-block-1 c5\"><ins class=\"adsbygoogle c4\" data-ad-layout=\"in-article\" data-ad-format=\"fluid\" data-ad-client=\"ca-pub-2102118777505746\" data-ad-slot=\"7301775417\"\/> <\/div>\n<p>Dans ce sens, la pr\u00e9sidence appelle les tunisiens \u00e0 l\u2019union, et s\u2019en tenir aux institutions l\u00e9gales et constitutionnelles du pays, pour pr\u00e9server la Tunisie.<\/p>\n<p><img loading=\"lazy\" decoding=\"async\" class=\"aligncenter size-full wp-image-450443\" src=\"https:\/\/www.tunisienumerique.com\/wp-content\/uploads\/2019\/07\/presidence.jpg\" alt=\"\" width=\"550\" height=\"363\"\/><\/p>\n<div class=\"mvp-org-wrap mvp-org-logo\" itemprop=\"publisher\" itemscope=\"\" itemtype=\"https:\/\/schema.org\/Organization\"><img decoding=\"async\" src=\"https:\/\/www.tunisienumerique.com\/wp-content\/uploads\/2017\/02\/logo_tunisie_numerique.png\"\/><\/div>\n<div class=\"swp_social_panel swp_horizontal_panel swp_flat_fresh swp_default_full_color swp_individual_full_color swp_other_full_color scale-100 scale-\" data-min-width=\"1100\" data-float-color=\"#ffffff\" data-float=\"none\" data-float-mobile=\"none\" data-transition=\"slide\">\n<div class=\"nc_tweetContainer swp_share_button total_shares total_sharesalt\"><span class=\"swp_count\">21 <span class=\"swp_label\">Partages<\/span><\/span><\/div>\n<\/div>\n<div class=\"mvp-related-posts left relative\">\n<h4 class=\"post-header\"><span class=\"post-header\">Lire aussi<\/span><\/h4>\n<\/div>\n<\/div>\n<p>Auteur: LM<br \/>\n<a href=\"https:\/\/www.tunisienumerique.com\/tunisie-la-presidence-de-la-republique-appelle-les-tunisiens-a-lunion\/\">Cliquez ici pour lire l&rsquo;article depuis sa source.<\/a><\/p>\n","protected":false},"excerpt":{"rendered":"<p>21 Partages L\u2019institution de la pr\u00e9sidence de la R\u00e9publique a annonc\u00e9, sur sa page facebook, le d\u00e9c\u00e8s du pr\u00e9sident B\u00e9ji Ca\u00efed Essebsi, en rappelant qu\u2019il a consacr\u00e9 sa vie enti\u00e8re pour le pays et pour son union. La pr\u00e9sidence rappelle que BCE a eu le courage et le m\u00e9rite, de rassembler les tunisiens, au moment [&hellip;]<\/p>\n","protected":false},"author":1789,"featured_media":48277,"comment_status":"closed","ping_status":"closed","sticky":false,"template":"","format":"standard","meta":{"fifu_image_url":"","fifu_image_alt":"","footnotes":""},"categories":[73,55],"tags":[],"class_list":["post-48270","post","type-post","status-publish","format-standard","has-post-thumbnail","hentry","category-actualite","category-tunisie"],"_links":{"self":[{"href":"https:\/\/linitiative.ca\/International\/wp-json\/wp\/v2\/posts\/48270","targetHints":{"allow":["GET"]}}],"collection":[{"href":"https:\/\/linitiative.ca\/International\/wp-json\/wp\/v2\/posts"}],"about":[{"href":"https:\/\/linitiative.ca\/International\/wp-json\/wp\/v2\/types\/post"}],"author":[{"embeddable":true,"href":"https:\/\/linitiative.ca\/International\/wp-json\/wp\/v2\/users\/1789"}],"replies":[{"embeddable":true,"href":"https:\/\/linitiative.ca\/International\/wp-json\/wp\/v2\/comments?post=48270"}],"version-history":[{"count":0,"href":"https:\/\/linitiative.ca\/International\/wp-json\/wp\/v2\/posts\/48270\/revisions"}],"wp:featuredmedia":[{"embeddable":true,"href":"https:\/\/linitiative.ca\/International\/wp-json\/"}],"wp:attachment":[{"href":"https:\/\/linitiative.ca\/International\/wp-json\/wp\/v2\/media?parent=48270"}],"wp:term":[{"taxonomy":"category","embeddable":true,"href":"https:\/\/linitiative.ca\/International\/wp-json\/wp\/v2\/categories?post=48270"},{"taxonomy":"post_tag","embeddable":true,"href":"https:\/\/linitiative.ca\/International\/wp-json\/wp\/v2\/tags?post=48270"}],"curies":[{"name":"wp","href":"https:\/\/api.w.org\/{rel}","templated":true}]}}