{"id":48271,"date":"2019-07-25T08:00:01","date_gmt":"2019-07-25T12:00:01","guid":{"rendered":"https:\/\/linitiative.ca\/International\/abderrahim-el-hafidi-elu-president-de-lamepa\/"},"modified":"2019-07-25T08:00:01","modified_gmt":"2019-07-25T12:00:01","slug":"abderrahim-el-hafidi-elu-president-de-lamepa","status":"publish","type":"post","link":"https:\/\/linitiative.ca\/International\/abderrahim-el-hafidi-elu-president-de-lamepa\/","title":{"rendered":"Abderrahim El Hafidi \u00e9lu pr\u00e9sident  de l\u2019Amepa"},"content":{"rendered":"<p><img decoding=\"async\" class=\"post_layout_5_img\" src=\"http:\/\/aujourdhui.ma\/wp-content\/uploads\/2018\/11\/Abderrahim-El-Hafidi-ONEE.jpg?x29840\" alt=\"Abderrahim El Hafidi \u00e9lu pr\u00e9sident de l\u2019Amepa\"\/><\/p>\n<p class=\"p1\"><span class=\"c4\"><strong><em>Adoption de la feuille de route relative au r\u00e9tablissement de la situation juridique de l\u2019association<\/em><\/strong><\/span><span id=\"more-315769\"\/><\/p>\n<div class=\"base-box mom_box_sc_custom mom_box_sc clear c5\" readability=\"10\">\n<p class=\"p1\"><strong><span class=\"s1\"><em>Plate-forme de r\u00e9flexion, d\u2019\u00e9change et de capitalisation d\u2019exp\u00e9riences, l\u2019Amepa propose un centre d\u2019information ainsi que des mesures d\u2019accompagnement et d\u2019appui \u00e0 ses membres.<\/em><\/span><\/strong><\/p>\n<\/div>\n<p class=\"p1\">Le directeur g\u00e9n\u00e9ral de l\u2019Office national de l\u2019\u00e9lectricit\u00e9 et de l\u2019eau potable (ONEE), Abderrahim El Hafidi, a \u00e9t\u00e9 \u00e9lu pr\u00e9sident de l\u2019Association marocaine de l\u2019eau potable et de l\u2019assainissement (Amepa) pour un mandat de quatre ans, lors d\u2019une assembl\u00e9e g\u00e9n\u00e9rale mixte (extraordinaire et \u00e9lective), de l\u2019Amepa tenue mardi \u00e0 Rabat.<\/p>\n<p class=\"p1\">Cette AGM a \u00e9galement \u00e9t\u00e9 marqu\u00e9e par l\u2019\u00e9lection du nouveau bureau et par la validation du programme d\u2019action qui concr\u00e9tise la nouvelle vision strat\u00e9gique de l\u2019association \u00e0 moyen et long termes, indique un communiqu\u00e9 de l\u2019ONEE.<\/p>\n<p class=\"p1\">L\u2019assembl\u00e9e g\u00e9n\u00e9rale extraordinaire a port\u00e9 sur la pr\u00e9sentation et l\u2019adoption de la feuille de route relative au r\u00e9tablissement de la situation juridique de l\u2019Amepa, ainsi que la d\u00e9claration de cessation d\u2019activit\u00e9s des anciens membres du bureau.<\/p>\n<p class=\"p1\">Quant \u00e0 l\u2019assembl\u00e9e g\u00e9n\u00e9rale ordinaire \u00e9lective, elle a \u00e9t\u00e9 ax\u00e9e sur la pr\u00e9sentation et d\u00e9lib\u00e9ration des rapports moral et financier ainsi que la pr\u00e9sentation et d\u00e9lib\u00e9rations de la note de cadrage relative au programme d\u2019actions futur de l\u2019Amepa.<\/p>\n<p class=\"p1\">Cr\u00e9\u00e9e en 1997, l\u2019Amepa regroupe plus de 130 membres repr\u00e9sentant des op\u00e9rateurs des secteurs publics et priv\u00e9s (ONEE, R\u00e9gies, concessionnaires) et des entreprises d\u2019ing\u00e9nierie et de travaux du secteur de l\u2019eau potable et de l\u2019assainissement, notamment des producteurs, des distributeurs, des industriels et des bureaux d\u2019\u00e9tudes.<\/p>\n<p class=\"p1\">Plate-forme de r\u00e9flexion, d\u2019\u00e9change et de capitalisation d\u2019exp\u00e9riences, l\u2019Amepa propose un centre d\u2019information ainsi que des mesures d\u2019accompagnement et d\u2019appui \u00e0 ses membres.<\/p>\n<p class=\"p1\">En outre, l\u2019Amepa participe aux principaux \u00e9v\u00e9nements et congr\u00e8s internationaux li\u00e9s au secteur de l\u2019eau et de l\u2019assainissement, organise des missions de prospection \u00e0 l\u2019\u00e9tranger et d\u00e9veloppe des partenariats avec plusieurs organismes internationaux.<\/p>\n<p>Auteur: ALM<br \/>\n<a href=\"http:\/\/aujourdhui.ma\/economie\/abderrahim-el-hafidi-elu-president-de-lamepa\">Cliquez ici pour lire l&rsquo;article depuis sa source.<\/a><\/p>\n","protected":false},"excerpt":{"rendered":"<p>Adoption de la feuille de route relative au r\u00e9tablissement de la situation juridique de l\u2019association Plate-forme de r\u00e9flexion, d\u2019\u00e9change et de capitalisation d\u2019exp\u00e9riences, l\u2019Amepa propose un centre d\u2019information ainsi que des mesures d\u2019accompagnement et d\u2019appui \u00e0 ses membres. Le directeur g\u00e9n\u00e9ral de l\u2019Office national de l\u2019\u00e9lectricit\u00e9 et de l\u2019eau potable (ONEE), Abderrahim El Hafidi, a [&hellip;]<\/p>\n","protected":false},"author":1759,"featured_media":0,"comment_status":"closed","ping_status":"closed","sticky":false,"template":"","format":"standard","meta":{"fifu_image_url":"","fifu_image_alt":"","footnotes":""},"categories":[73,54],"tags":[],"class_list":["post-48271","post","type-post","status-publish","format-standard","hentry","category-actualite","category-maroc"],"_links":{"self":[{"href":"https:\/\/linitiative.ca\/International\/wp-json\/wp\/v2\/posts\/48271","targetHints":{"allow":["GET"]}}],"collection":[{"href":"https:\/\/linitiative.ca\/International\/wp-json\/wp\/v2\/posts"}],"about":[{"href":"https:\/\/linitiative.ca\/International\/wp-json\/wp\/v2\/types\/post"}],"author":[{"embeddable":true,"href":"https:\/\/linitiative.ca\/International\/wp-json\/wp\/v2\/users\/1759"}],"replies":[{"embeddable":true,"href":"https:\/\/linitiative.ca\/International\/wp-json\/wp\/v2\/comments?post=48271"}],"version-history":[{"count":0,"href":"https:\/\/linitiative.ca\/International\/wp-json\/wp\/v2\/posts\/48271\/revisions"}],"wp:attachment":[{"href":"https:\/\/linitiative.ca\/International\/wp-json\/wp\/v2\/media?parent=48271"}],"wp:term":[{"taxonomy":"category","embeddable":true,"href":"https:\/\/linitiative.ca\/International\/wp-json\/wp\/v2\/categories?post=48271"},{"taxonomy":"post_tag","embeddable":true,"href":"https:\/\/linitiative.ca\/International\/wp-json\/wp\/v2\/tags?post=48271"}],"curies":[{"name":"wp","href":"https:\/\/api.w.org\/{rel}","templated":true}]}}