{"id":48274,"date":"2019-07-25T09:18:07","date_gmt":"2019-07-25T13:18:07","guid":{"rendered":"https:\/\/linitiative.ca\/International\/la-candidature-de-faure-en-2020-a-la-une-de-la-presse-togolaise\/"},"modified":"2019-07-25T09:18:07","modified_gmt":"2019-07-25T13:18:07","slug":"la-candidature-de-faure-en-2020-a-la-une-de-la-presse-togolaise","status":"publish","type":"post","link":"https:\/\/linitiative.ca\/International\/la-candidature-de-faure-en-2020-a-la-une-de-la-presse-togolaise\/","title":{"rendered":"La candidature de Faure en 2020 \u00e0 la une de la presse togolaise"},"content":{"rendered":"<div readability=\"32\">\n<p>Publi\u00e9 le 25.07.2019 \u00e0 14h18 par APA News<\/p>\n<\/div>\n<div readability=\"122\">\n<p>La r\u00e9ponse, ce jeudi matin, du ministre des Affaires \u00e9trang\u00e8res du Togo sur RFI au sujet de la candidature du pr\u00e9sident Faure Gnassingb\u00e9 en 2020 pour briguer un quatri\u00e8me mandat occupe la Une des sites d\u2019informations togolais.\u00ab\u00a0Avant 2020 : Le ministre Robert Dussey lance le d\u00e9bat sur la candidature de Faure Gnassingb\u00e9 \u00bb, titre l\u2019agence Afreepress, notant que l\u2019ann\u00e9e 2020 n\u2019est pas encore arriv\u00e9e que la question de la candidature de l\u2019actuel Pr\u00e9sident togolais, Faure Gnassingb\u00e9,, fait d\u00e9j\u00e0 d\u00e9bat.<\/p>\n<p>\u00ab L\u2019Union pour la R\u00e9publique (UNIR), sa formation politique et son entourage prennent d\u2019ores et d\u00e9j\u00e0 l\u2019avance sur le temps et tiennent \u00e0 situer l\u2019opinion sur les intentions du Pr\u00e9sident Faure Gnassingb\u00e9 dans le cadre de l\u2019\u00e9lection pr\u00e9sidentielle de 2020 au Togo \u00bb, \u00e9crit le confr\u00e8re.<\/p>\n<p>Selon le ministre des Affaires \u00e9trang\u00e8res, poursuit-il, \u00ab le Pr\u00e9sident de la R\u00e9publique Faure Gnassingb\u00e9 sera candidat en 2020 conform\u00e9ment \u00e0 la constitution togolaise \u00e0 son article 158 qui remet \u00e0 z\u00e9ro le compteur des mandats d\u00e9j\u00e0 effectu\u00e9s \u00bb.<\/p>\n<p>\u00ab Le concern\u00e9 lui-m\u00eame entretient toujours le myst\u00e8re autour de sa prochaine candidature. Interrog\u00e9 r\u00e9cemment sur le m\u00eame sujet, M. Faure Gnassingb\u00e9 avait bott\u00e9 en touche laissant le soin \u00e0 sa formation politique de d\u00e9signer la personne \u00e0 m\u00eame de d\u00e9fendre ses couleurs en 2020 \u00bb, note Afreepress.<\/p>\n<p>Pour sa part, Togo Breaking News indique que \u00ab le pr\u00e9sident togolais sera investi pour \u00eatre candidat par l\u2019Union pour la R\u00e9publique (UNIR) pour briguer un nouveau mandat \u00e0 la t\u00eate. C\u2019est ce qu\u2019a indiqu\u00e9 jeudi le ministre togolais des Affaires \u00e9trang\u00e8res, de l\u2019Int\u00e9gration africaine et des Togolais de l\u2019ext\u00e9rieur \u00bb<\/p>\n<p>Le journal souligne que le Pr Robert Dussey estime que Faure Gnassingb\u00e9 \u00ab devrait continuer son travail pour la transformation politique, \u00e9conomique et social du Togo \u00bb.<\/p>\n<p>\u00ab Je ne vois pas comment il ne peut ne pas \u00eatre candidat. Il doit \u00eatre investi par le parti pour \u00eatre candidat. Mais je pense que le pr\u00e9sident a tout int\u00e9r\u00eat, vu le travail excellent qu\u2019il est en train de faire, de continuer \u00e0 la transformation politique, \u00e9conomique et social du Togo \u00bb, a indiqu\u00e9 Robert Dussey jeudi au micro de Rfi, cit\u00e9 par le site d\u2019informations.<\/p>\n<p>Ce dernier rappelle, par ailleurs, que le Chef de l\u2019Etat lui-m\u00eame a laiss\u00e9 entendre qu\u2019il se donnait un temps de r\u00e9flexion et qu\u2019il prendrait sa d\u00e9cision au moment venu, lorsqu\u2019il avait \u00e9t\u00e9 interrog\u00e9 sur le m\u00eame sujet il y a un mois. \u00ab A y voir de pr\u00e8s, ce d\u00e9bat ne vient que de s\u2019ouvrir, m\u00eame s\u2019il est juridiquement remport\u00e9 d\u2019avance par le pouvoir \u00bb, analyse Togo Breaking News.<\/p>\n<p>Selon Global Actu qui traite \u00e9galement le sujet \u00e0 sa Une, \u00ab cette r\u00e9ponse cinglante de ce ministre ne devrait pas \u00eatre une surprise pour les Togolais \u00bb.<\/p>\n<p>\u00ab La Constitution togolaise de 1992 modifi\u00e9e le 8 mai dernier par l\u2019Assembl\u00e9e nationale, ajoute le journal, permet \u00e0 Faure Gnassingb\u00e9 de briguer encore deux (2) nouveaux mandats en plus des 3 qu\u2019il fait \u00e0 la t\u00eate du Togo \u00bb.<\/p>\n<p>Sur le terrain politique, rappelle le confr\u00e8re, le parti pr\u00e9sidentiel se trouve renforcer par les 2 r\u00e9centes \u00e9lections. \u00ab Le 20 d\u00e9cembre 2018, il a gagn\u00e9 les \u00e9lections l\u00e9gislatives pendant qu\u2019une importante partie de l\u2019opposition boycottait ces \u00e9lections. Le 30 juin dernier, les Togolais sont encore appel\u00e9s aux urnes pour des \u00e9lections municipales, les premi\u00e8res depuis 32 ans. Les r\u00e9sultats d\u00e9finitifs proclam\u00e9s il y a quelques jours par la Cour supr\u00eame donne UNIR majoritairement gagnante avec plus de 800 si\u00e8ges de conseillers municipaux sur les 1200 mis en jeu. \u00bb<\/p>\n<p>\u00ab Il faut aussi dire le pr\u00e9sident du Parti national panafricain (PNP), Tikpi Atchadam, de son lieu d\u2019exil, a r\u00e9cemment exhort\u00e9 les Togolais \u00e0 former des comit\u00e9s pour emp\u00eacher le 4\u00e8me mandat de Faure Gnassingb\u00e9 \u00bb, conclut Global Actu.<\/p>\n<\/div>\n<p>Auteur: APA News<br \/>\n<a href=\"https:\/\/www.journalducameroun.com\/la-candidature-de-faure-en-2020-a-la-une-de-la-presse-togolaise\/\">Cliquez ici pour lire l&rsquo;article depuis sa source.<\/a><\/p>\n","protected":false},"excerpt":{"rendered":"<p>Publi\u00e9 le 25.07.2019 \u00e0 14h18 par APA News La r\u00e9ponse, ce jeudi matin, du ministre des Affaires \u00e9trang\u00e8res du Togo sur RFI au sujet de la candidature du pr\u00e9sident Faure Gnassingb\u00e9 en 2020 pour briguer un quatri\u00e8me mandat occupe la Une des sites d\u2019informations togolais.\u00ab\u00a0Avant 2020 : Le ministre Robert Dussey lance le d\u00e9bat sur [&hellip;]<\/p>\n","protected":false},"author":1965,"featured_media":0,"comment_status":"closed","ping_status":"closed","sticky":false,"template":"","format":"standard","meta":{"fifu_image_url":"","fifu_image_alt":"","footnotes":""},"categories":[73,82],"tags":[],"class_list":["post-48274","post","type-post","status-publish","format-standard","hentry","category-actualite","category-cameroun"],"_links":{"self":[{"href":"https:\/\/linitiative.ca\/International\/wp-json\/wp\/v2\/posts\/48274","targetHints":{"allow":["GET"]}}],"collection":[{"href":"https:\/\/linitiative.ca\/International\/wp-json\/wp\/v2\/posts"}],"about":[{"href":"https:\/\/linitiative.ca\/International\/wp-json\/wp\/v2\/types\/post"}],"author":[{"embeddable":true,"href":"https:\/\/linitiative.ca\/International\/wp-json\/wp\/v2\/users\/1965"}],"replies":[{"embeddable":true,"href":"https:\/\/linitiative.ca\/International\/wp-json\/wp\/v2\/comments?post=48274"}],"version-history":[{"count":0,"href":"https:\/\/linitiative.ca\/International\/wp-json\/wp\/v2\/posts\/48274\/revisions"}],"wp:attachment":[{"href":"https:\/\/linitiative.ca\/International\/wp-json\/wp\/v2\/media?parent=48274"}],"wp:term":[{"taxonomy":"category","embeddable":true,"href":"https:\/\/linitiative.ca\/International\/wp-json\/wp\/v2\/categories?post=48274"},{"taxonomy":"post_tag","embeddable":true,"href":"https:\/\/linitiative.ca\/International\/wp-json\/wp\/v2\/tags?post=48274"}],"curies":[{"name":"wp","href":"https:\/\/api.w.org\/{rel}","templated":true}]}}