{"id":48275,"date":"2019-07-25T08:03:41","date_gmt":"2019-07-25T12:03:41","guid":{"rendered":"https:\/\/linitiative.ca\/International\/les-efforts-deployes-pour-la-valorisation-de-la-filiere-dargane-mis-en-exergue-a-tamanar\/"},"modified":"2019-07-25T08:03:41","modified_gmt":"2019-07-25T12:03:41","slug":"les-efforts-deployes-pour-la-valorisation-de-la-filiere-dargane-mis-en-exergue-a-tamanar","status":"publish","type":"post","link":"https:\/\/linitiative.ca\/International\/les-efforts-deployes-pour-la-valorisation-de-la-filiere-dargane-mis-en-exergue-a-tamanar\/","title":{"rendered":"Les efforts d\u00e9ploy\u00e9s pour la valorisation de la fili\u00e8re d\u2019argane mis en exergue \u00e0 Tamanar"},"content":{"rendered":"<header>\n<div class=\"entry-post-meta\">\n<div class=\"author-link\">Publi\u00e9 par <a itemprop=\"author\" itemscope=\"\" itemtype=\"https:\/\/schema.org\/Person\" href=\"http:\/\/aujourdhui.ma\/profile\/kaid\" rel=\"author\"><span itemprop=\"name\">ALM<\/span><\/a><\/div>\n<p>Date\u00a0:<time content=\"2019-07-25T13:03:41+00:00\" class=\"entry-date updated\" datetime=\"2019-07-25T13:03:41+00:00\">juillet 25, 2019<\/time><\/p>\n<div class=\"entry-cat\">dans:<a href=\"http:\/\/aujourdhui.ma\/category\/economie\" rel=\"category tag\">Economie<\/a><\/div>\n<p>0Vues<\/p>\n<\/div>\n<\/header>\n<div class=\"entry-content clearfix\" readability=\"43\"><img decoding=\"async\" class=\"post_layout_5_img\" src=\"http:\/\/aujourdhui.ma\/wp-content\/uploads\/2019\/07\/argane.jpg?x29840\" alt=\"Les efforts d\u00e9ploy\u00e9s pour la valorisation de la fili\u00e8re d\u2019argane mis en exergue \u00e0 Tamanar\"\/><\/p>\n<p class=\"p1\"><span class=\"c4\"><strong>Les efforts d\u00e9ploy\u00e9s par les diff\u00e9rents intervenants en vue de valoriser la fili\u00e8re d\u2019argane et permettre aux ayants droit et aux femmes rurales d\u2019en tirer le maximum de profits, ont \u00e9t\u00e9 mis en exergue mardi dans la commune de Tamanar relevant de la province d\u2019Essaouira.<\/strong><\/span><span id=\"more-315788\"\/><\/p>\n<p class=\"p1\">Lors d\u2019une r\u00e9union de travail, la deuxi\u00e8me du genre, du comit\u00e9 provincial de d\u00e9veloppement de la fili\u00e8re argani\u00e8re, l\u2019accent a \u00e9galement \u00e9t\u00e9 mis sur l\u2019ensemble des mesures et actions engag\u00e9es en vue d\u2019assurer un d\u00e9veloppement durable de cette fili\u00e8re de mani\u00e8re \u00e0 contribuer au renforcement de sa contribution \u00e0 l\u2019\u00e9conomie locale.<\/p>\n<\/div>\n<p>Auteur: ALM<br \/>\n<a href=\"http:\/\/aujourdhui.ma\/economie\/les-efforts-deployes-pour-la-valorisation-de-la-filiere-dargane-mis-en-exergue-a-tamanar\">Cliquez ici pour lire l&rsquo;article depuis sa source.<\/a><\/p>\n","protected":false},"excerpt":{"rendered":"<p>Publi\u00e9 par ALM Date\u00a0:juillet 25, 2019 dans:Economie 0Vues Les efforts d\u00e9ploy\u00e9s par les diff\u00e9rents intervenants en vue de valoriser la fili\u00e8re d\u2019argane et permettre aux ayants droit et aux femmes rurales d\u2019en tirer le maximum de profits, ont \u00e9t\u00e9 mis en exergue mardi dans la commune de Tamanar relevant de la province d\u2019Essaouira. Lors d\u2019une [&hellip;]<\/p>\n","protected":false},"author":1759,"featured_media":0,"comment_status":"closed","ping_status":"closed","sticky":false,"template":"","format":"standard","meta":{"fifu_image_url":"","fifu_image_alt":"","footnotes":""},"categories":[73,54],"tags":[],"class_list":["post-48275","post","type-post","status-publish","format-standard","hentry","category-actualite","category-maroc"],"_links":{"self":[{"href":"https:\/\/linitiative.ca\/International\/wp-json\/wp\/v2\/posts\/48275","targetHints":{"allow":["GET"]}}],"collection":[{"href":"https:\/\/linitiative.ca\/International\/wp-json\/wp\/v2\/posts"}],"about":[{"href":"https:\/\/linitiative.ca\/International\/wp-json\/wp\/v2\/types\/post"}],"author":[{"embeddable":true,"href":"https:\/\/linitiative.ca\/International\/wp-json\/wp\/v2\/users\/1759"}],"replies":[{"embeddable":true,"href":"https:\/\/linitiative.ca\/International\/wp-json\/wp\/v2\/comments?post=48275"}],"version-history":[{"count":0,"href":"https:\/\/linitiative.ca\/International\/wp-json\/wp\/v2\/posts\/48275\/revisions"}],"wp:attachment":[{"href":"https:\/\/linitiative.ca\/International\/wp-json\/wp\/v2\/media?parent=48275"}],"wp:term":[{"taxonomy":"category","embeddable":true,"href":"https:\/\/linitiative.ca\/International\/wp-json\/wp\/v2\/categories?post=48275"},{"taxonomy":"post_tag","embeddable":true,"href":"https:\/\/linitiative.ca\/International\/wp-json\/wp\/v2\/tags?post=48275"}],"curies":[{"name":"wp","href":"https:\/\/api.w.org\/{rel}","templated":true}]}}