{"id":48280,"date":"2019-07-25T05:45:00","date_gmt":"2019-07-25T09:45:00","guid":{"rendered":"https:\/\/linitiative.ca\/International\/statut-de-letudiant-entrepreneur-un-premier-bilan\/"},"modified":"2019-07-25T05:45:00","modified_gmt":"2019-07-25T09:45:00","slug":"statut-de-letudiant-entrepreneur-un-premier-bilan","status":"publish","type":"post","link":"https:\/\/linitiative.ca\/International\/statut-de-letudiant-entrepreneur-un-premier-bilan\/","title":{"rendered":"Statut de l\u2019\u00e9tudiant entrepreneur: Un premier bilan"},"content":{"rendered":"<div readability=\"34\">\n<p>400 \u00e9tudiants retenus entre Casablanca et Rabat<\/p>\n<p>Une \u00e9valuation des acquis des comp\u00e9tences pr\u00e9vue pour la 2e promotion<\/p>\n<\/div>\n<div readability=\"88\">\n<div class=\"dnd-atom-wrapper type-image context-sdl_editor_representation\" contenteditable=\"false\" readability=\"34\">\n<div class=\"dnd-drop-wrapper image\"><img loading=\"lazy\" decoding=\"async\" typeof=\"foaf:Image\" class=\"img-responsive\" src=\"https:\/\/leconomiste.com\/sites\/default\/files\/eco7\/public\/thumbnails\/image\/statut-de-letudiant-entrepreneur-063.jpg\" width=\"660\" height=\"330\" alt=\"statut-de-letudiant-entrepreneur-063.jpg\" title=\"statut-de-letudiant-entrepreneur-063.jpg\"\/><\/div>\n<div class=\"dnd-legend-wrapper\" contenteditable=\"true\" readability=\"13\">\n<p class=\"rtejustify\">Lors de son lancement, le programme Saleem a \u00e9t\u00e9 dot\u00e9 d\u2019un budget de 750.000 euros, cofinanc\u00e9 par le programme Erasmus+ de l\u2019Union europ\u00e9enne. Des bailleurs de fonds prennent \u00e9galement part\u00a0 au projet, comme c\u2019est le cas de la Fondation Banque Populaire qui soutiendra financi\u00e8rement les \u00e9tudiants <em>(Ph. Saleem)<\/em><\/p>\n<\/div>\n<\/div>\n<p class=\"rtejustify\">Sur les 600 candidats qui ont d\u00e9pos\u00e9 leur dossier pour acc\u00e9der au statut national \u00e9tudiants-entrepreneurs (SNEE), pr\u00e8s de 400 ont \u00e9t\u00e9 retenus, dont la moiti\u00e9 \u00e0 Casablanca et autant \u00e0 Rabat. Dans la m\u00e9tropole, 58 projets ont \u00e9t\u00e9 cr\u00e9\u00e9s, dont 20 projets \u00e0 titre individuel.<\/p>\n<p class=\"rtejustify\">Plus des 2\/3 des b\u00e9n\u00e9ficiaires sont des femmes et la majorit\u00e9 des \u00e9tudiants en derni\u00e8re ann\u00e9e licence ou en master. \u00abPour cette premi\u00e8re promotion, nous avons accompagn\u00e9 les porteurs de projets dans la structuration de leur id\u00e9e, le d\u00e9veloppement personnel, le positionnement du projet, la mise en relation avec des experts\u00bb, souligne Anass Kettani, directeur du p\u00f4le Saleem (Structuration et accompagnement de l\u2019entrepreneuriat \u00e9tudiant au Maghreb) Casablanca. \u00abNous souhaitons les mettre en contact avec des investisseurs en septembre prochain\u00bb, indique-t-il.<\/p>\n<p class=\"rtejustify\">Une premi\u00e8re expertise a \u00e9t\u00e9 effectu\u00e9e et a donn\u00e9 suite \u00e0 des recommandations. Parmi elles, l\u2019instauration d\u2019une \u00e9valuation des acquis de comp\u00e9tences \u00e0 partir de la deuxi\u00e8me promotion, avec la possibilit\u00e9 de certifier les comp\u00e9tences des porteurs de projets.<\/p>\n<p class=\"rtejustify\">Le dispositif du statut national de l\u2019\u00e9tudiant entrepreneur se d\u00e9ploiera prochainement dans plusieurs autres universit\u00e9s. Celles de Beni Mellal, Errachidia et T\u00e9touan ont d\u00e9j\u00e0 d\u00e9marr\u00e9 les proc\u00e9dures.\u00a0<\/p>\n<p class=\"rtejustify\">Pour rappel, c\u2019est en f\u00e9vrier dernier que la phase pilote du statut national \u00e9tudiant entrepreneur a \u00e9t\u00e9 lanc\u00e9e, initi\u00e9 dans le cadre du programme euromaghr\u00e9bin Saleem. Trois \u00e9tablissements y ont pris part. Il s\u2019agit de l\u2019Universit\u00e9 Hassan II de Casablanca, l\u2019Universit\u00e9 Mohammed V de Rabat et HEM Business school.<\/p>\n<p class=\"rtejustify\">Le programme a \u00e9t\u00e9 mis en place par un consortium de 14 partenaires (universit\u00e9s, \u00e9coles, associations\u2026) de 5 pays (Maroc, Tunisie, France, Belgique, Roumanie). Il est coordonn\u00e9 par l\u2019Agence universitaire de la francophonie (AUF).<\/p>\n<p class=\"rtejustify\">Le p\u00f4le Saleem s\u2019est fix\u00e9 comme objectif de concevoir un accompagnement adapt\u00e9 au profil des \u00e9tudiants et leur environnement, de mobiliser et nourrir un r\u00e9seau d\u2019experts et de partenaires engag\u00e9s, d\u2019innover en adaptant les m\u00e9thodologies, outils et services aux b\u00e9n\u00e9ficiaires et de d\u00e9velopper la posture, le savoir-\u00eatre et les soft skills des \u00e9tudiants entrepreneurs.<\/p>\n<p class=\"rtejustify\"><em>T.E.G.<\/em><\/p>\n<\/div>\n<p>Auteur: hlafriqi<br \/>\n<a href=\"https:\/\/www.leconomiste.com\/article\/1048235-statut-de-l-etudiant-entrepreneur-un-premier-bilan\">Cliquez ici pour lire l&rsquo;article depuis sa source.<\/a><\/p>\n","protected":false},"excerpt":{"rendered":"<p>400 \u00e9tudiants retenus entre Casablanca et Rabat Une \u00e9valuation des acquis des comp\u00e9tences pr\u00e9vue pour la 2e promotion Lors de son lancement, le programme Saleem a \u00e9t\u00e9 dot\u00e9 d\u2019un budget de 750.000 euros, cofinanc\u00e9 par le programme Erasmus+ de l\u2019Union europ\u00e9enne. Des bailleurs de fonds prennent \u00e9galement part\u00a0 au projet, comme c\u2019est le cas de [&hellip;]<\/p>\n","protected":false},"author":1763,"featured_media":48291,"comment_status":"closed","ping_status":"closed","sticky":false,"template":"","format":"standard","meta":{"fifu_image_url":"","fifu_image_alt":"","footnotes":""},"categories":[78,54],"tags":[],"class_list":["post-48280","post","type-post","status-publish","format-standard","has-post-thumbnail","hentry","category-economie","category-maroc"],"_links":{"self":[{"href":"https:\/\/linitiative.ca\/International\/wp-json\/wp\/v2\/posts\/48280","targetHints":{"allow":["GET"]}}],"collection":[{"href":"https:\/\/linitiative.ca\/International\/wp-json\/wp\/v2\/posts"}],"about":[{"href":"https:\/\/linitiative.ca\/International\/wp-json\/wp\/v2\/types\/post"}],"author":[{"embeddable":true,"href":"https:\/\/linitiative.ca\/International\/wp-json\/wp\/v2\/users\/1763"}],"replies":[{"embeddable":true,"href":"https:\/\/linitiative.ca\/International\/wp-json\/wp\/v2\/comments?post=48280"}],"version-history":[{"count":0,"href":"https:\/\/linitiative.ca\/International\/wp-json\/wp\/v2\/posts\/48280\/revisions"}],"wp:featuredmedia":[{"embeddable":true,"href":"https:\/\/linitiative.ca\/International\/wp-json\/"}],"wp:attachment":[{"href":"https:\/\/linitiative.ca\/International\/wp-json\/wp\/v2\/media?parent=48280"}],"wp:term":[{"taxonomy":"category","embeddable":true,"href":"https:\/\/linitiative.ca\/International\/wp-json\/wp\/v2\/categories?post=48280"},{"taxonomy":"post_tag","embeddable":true,"href":"https:\/\/linitiative.ca\/International\/wp-json\/wp\/v2\/tags?post=48280"}],"curies":[{"name":"wp","href":"https:\/\/api.w.org\/{rel}","templated":true}]}}