{"id":48281,"date":"2019-07-25T08:14:48","date_gmt":"2019-07-25T12:14:48","guid":{"rendered":"https:\/\/linitiative.ca\/International\/10-eleves-primes-au-concours-general-des-sciences-et-technologies\/"},"modified":"2019-07-25T08:14:48","modified_gmt":"2019-07-25T12:14:48","slug":"10-eleves-primes-au-concours-general-des-sciences-et-technologies","status":"publish","type":"post","link":"https:\/\/linitiative.ca\/International\/10-eleves-primes-au-concours-general-des-sciences-et-technologies\/","title":{"rendered":"10 \u00e9l\u00e8ves prim\u00e9s au concours g\u00e9n\u00e9ral des sciences et technologies"},"content":{"rendered":"<header>\n<div class=\"entry-post-meta\">\n<div class=\"author-link\">Publi\u00e9 par <a itemprop=\"author\" itemscope=\"\" itemtype=\"https:\/\/schema.org\/Person\" href=\"http:\/\/aujourdhui.ma\/profile\/kaid\" rel=\"author\"><span itemprop=\"name\">ALM<\/span><\/a><\/div>\n<p>Date\u00a0:<time content=\"2019-07-25T13:14:48+00:00\" class=\"entry-date updated\" datetime=\"2019-07-25T13:14:48+00:00\">juillet 25, 2019<\/time><\/p>\n<div class=\"entry-cat\">dans:<a href=\"http:\/\/aujourdhui.ma\/category\/societe\" rel=\"category tag\">Soci\u00e9t\u00e9<\/a><\/div>\n<p>0Vues<\/p>\n<\/div>\n<\/header>\n<div class=\"entry-content clearfix\" readability=\"60\"><img decoding=\"async\" class=\"post_layout_5_img\" src=\"http:\/\/aujourdhui.ma\/wp-content\/uploads\/2019\/07\/Jeunesse-Marocaine-Etudiant.jpg?x29840\" alt=\"10 \u00e9l\u00e8ves prim\u00e9s au concours g\u00e9n\u00e9ral des sciences et technologies\"\/><\/p>\n<p class=\"p1\"><span class=\"c4\"><strong><em>Ils b\u00e9n\u00e9ficieront d\u2019une bourse d\u2019excellence tout au long de leur parcours acad\u00e9mique\u00a0<\/em><\/strong><\/span><span id=\"more-315802\"\/><\/p>\n<p class=\"p1\"><span class=\"s1\">Dix \u00e9l\u00e8ves ont \u00e9t\u00e9 prim\u00e9s lors de la 10\u00e8me \u00e9dition du concours g\u00e9n\u00e9ral des sciences et technologies, organis\u00e9e le 9 juillet \u00e0 Rabat. Les prim\u00e9s b\u00e9n\u00e9ficieront d\u2019une bourse d\u2019excellence tout au long de leur parcours acad\u00e9mique jusqu\u2019\u00e0 l\u2019obtention du doctorat, accord\u00e9e par l\u2019Acad\u00e9mie Hassan II des sciences et techniques, souligne un communiqu\u00e9 du minist\u00e8re de l\u2019\u00e9ducation nationale, de la formation professionnelle, de l\u2019enseignement sup\u00e9rieur et de la recherche scientifique.<\/span><\/p>\n<p class=\"p1\"><span class=\"s1\">Dans la fili\u00e8re des math\u00e9matiques, quatre \u00e9l\u00e8ves de la r\u00e9gion Rabat-Sal\u00e9-K\u00e9nitra se sont distingu\u00e9s. Il s\u2019agit de Mohamed Kheir qui a d\u00e9croch\u00e9 la premi\u00e8re place, suivi de Marouane Chafi, Zinedine Oumzil class\u00e9 3\u00e8me et Zakaria Ajerkam (4\u00e8me). En physique et chimie, la premi\u00e8re place est revenue \u00e0 Sa\u00e2d El Hafer (Rabat-Sal\u00e9-K\u00e9nitra), tandis que Ayman Amaaita (La\u00e2youne-Sakia El Hamra) a \u00e9t\u00e9 class\u00e9 deuxi\u00e8me. Dans la fili\u00e8re sciences d\u2019ing\u00e9nieur, l\u2019\u00e9l\u00e8ve Marouane Dalal (Casablanca-Settat) a \u00e9t\u00e9 prim\u00e9 dans la fili\u00e8re \u00e9lectrique et Assia Moughiss (F\u00e8s-Mekn\u00e8s) dans la fili\u00e8re m\u00e9canique.<\/span><\/p>\n<p class=\"p1\"><span class=\"s1\">S\u2019agissant des sciences de la vie et de la terre, la premi\u00e8re place est revenue \u00e0 Khalid Dadi (Tanger-T\u00e9touan-Al Hoceima), tandis que la deuxi\u00e8me place est revenue d\u00e9cern\u00e9e \u00e0 l\u2019\u00e9l\u00e8ve Yassir El Omari (Dr\u00e2a-Tafilalet). Ce concours organis\u00e9 dans le cadre d\u2019une convention de partenariat entre le minist\u00e8re et l\u2019Acad\u00e9mie a connu la participation de 397 candidats.<\/span><\/p>\n<\/div>\n<p>Auteur: ALM<br \/>\n<a href=\"http:\/\/aujourdhui.ma\/societe\/10-eleves-primes-au-concours-general-des-sciences-et-technologies\">Cliquez ici pour lire l&rsquo;article depuis sa source.<\/a><\/p>\n","protected":false},"excerpt":{"rendered":"<p>Publi\u00e9 par ALM Date\u00a0:juillet 25, 2019 dans:Soci\u00e9t\u00e9 0Vues Ils b\u00e9n\u00e9ficieront d\u2019une bourse d\u2019excellence tout au long de leur parcours acad\u00e9mique\u00a0 Dix \u00e9l\u00e8ves ont \u00e9t\u00e9 prim\u00e9s lors de la 10\u00e8me \u00e9dition du concours g\u00e9n\u00e9ral des sciences et technologies, organis\u00e9e le 9 juillet \u00e0 Rabat. Les prim\u00e9s b\u00e9n\u00e9ficieront d\u2019une bourse d\u2019excellence tout au long de leur parcours [&hellip;]<\/p>\n","protected":false},"author":1759,"featured_media":0,"comment_status":"closed","ping_status":"closed","sticky":false,"template":"","format":"standard","meta":{"fifu_image_url":"","fifu_image_alt":"","footnotes":""},"categories":[73,54],"tags":[],"class_list":["post-48281","post","type-post","status-publish","format-standard","hentry","category-actualite","category-maroc"],"_links":{"self":[{"href":"https:\/\/linitiative.ca\/International\/wp-json\/wp\/v2\/posts\/48281","targetHints":{"allow":["GET"]}}],"collection":[{"href":"https:\/\/linitiative.ca\/International\/wp-json\/wp\/v2\/posts"}],"about":[{"href":"https:\/\/linitiative.ca\/International\/wp-json\/wp\/v2\/types\/post"}],"author":[{"embeddable":true,"href":"https:\/\/linitiative.ca\/International\/wp-json\/wp\/v2\/users\/1759"}],"replies":[{"embeddable":true,"href":"https:\/\/linitiative.ca\/International\/wp-json\/wp\/v2\/comments?post=48281"}],"version-history":[{"count":0,"href":"https:\/\/linitiative.ca\/International\/wp-json\/wp\/v2\/posts\/48281\/revisions"}],"wp:attachment":[{"href":"https:\/\/linitiative.ca\/International\/wp-json\/wp\/v2\/media?parent=48281"}],"wp:term":[{"taxonomy":"category","embeddable":true,"href":"https:\/\/linitiative.ca\/International\/wp-json\/wp\/v2\/categories?post=48281"},{"taxonomy":"post_tag","embeddable":true,"href":"https:\/\/linitiative.ca\/International\/wp-json\/wp\/v2\/tags?post=48281"}],"curies":[{"name":"wp","href":"https:\/\/api.w.org\/{rel}","templated":true}]}}