{"id":48282,"date":"2019-07-25T07:44:00","date_gmt":"2019-07-25T11:44:00","guid":{"rendered":"https:\/\/linitiative.ca\/International\/mohamed-ennaceur-assurera-linterim-de-president-de-la-republique\/"},"modified":"2019-07-25T07:44:00","modified_gmt":"2019-07-25T11:44:00","slug":"mohamed-ennaceur-assurera-linterim-de-president-de-la-republique","status":"publish","type":"post","link":"https:\/\/linitiative.ca\/International\/mohamed-ennaceur-assurera-linterim-de-president-de-la-republique\/","title":{"rendered":"Mohamed Ennaceur assurera l\u2019int\u00e9rim de Pr\u00e9sident de la R\u00e9publique"},"content":{"rendered":"<p>En cas de vacance d\u00e9finitive de la fonction de pr\u00e9sident de la R\u00e9publique, c\u2019est \u00ab\u00a0le Pr\u00e9sident de l\u2019Assembl\u00e9e des repr\u00e9sentants du peuple qui est sans d\u00e9lai investi des fonctions de Pr\u00e9sident de la R\u00e9publique par int\u00e9rim, pour une p\u00e9riode de quarante-cinq jours au moins et de quatre-vingt-dix jours au plus.\u00a0\u00bb C\u2019est ce que stipule la constitution en son article 84. La charge en reviendra ainsi \u00e0 Mohamed Ennaceur.<\/p>\n<p>Il redoutait ce moment fatidique, qu&rsquo;il s&rsquo;effor\u00e7ait de chasser de sa pens\u00e9e, ne voulait jamais s\u2019y r\u00e9signer. Mohamed Ennaceur, pr\u00e9sident de l\u2019ARP, et compagnon de longue date du pr\u00e9sident Ca\u00efd Essebsi qui l\u2019avait connu d\u00e8s l\u2019aube de l\u2019ind\u00e9pendance et avait particip\u00e9 \u00e0 ses c\u00f4t\u00e9s \u00e0 la cr\u00e9ation de Nidaa Tounes, est dans une profonde tristesse. Inconsolable. Jusqu\u2019\u00e0 la derni\u00e8re minute, il avait cru au miracle, esp\u00e9rant que B\u00e9ji surmonte son malaise du 27 juin et s\u2019en sorte avec sa d\u00e9termination \u00e0 aller jusqu\u2019au bout de son mandat. Et au-del\u00e0.<\/p>\n<p>Ce jeudi 27 juin 2019, alert\u00e9 par des manigances qui se tramaient, Ennaceur avait ralli\u00e9 d\u2019urgence le si\u00e8ge de l\u2019ARP au Bardo pour barrer la route \u00e0 ce qui avait failli \u00eatre enclench\u00e9, barrant la route aux ambition des uns et aux man\u0153uvres des autres.<\/p>\n<p>Il a aujourd\u2019hui la lourde responsabilit\u00e9 historique de pr\u00e9server la Tunisie et la conduire sous son int\u00e9rim jusqu\u2019\u00e0 la tenue des prochaines \u00e9lections, garantissant leur ind\u00e9pendance et leur transparence.<\/p>\n<p>Sage parmi les sages, pond\u00e9r\u00e9, homme d\u2019Etat, et fid\u00e8le parmi les plus fid\u00e8les de B\u00e9ji Ca\u00efd Essebsi, Mohamed Ennaceur, endeuill\u00e9, le c\u0153ur meurtri, s\u2019acquittera en tout patriotisme de cette d\u00e9licate mission. Qu\u2019il n\u2019avait jamais souhait\u00e9e.<\/p>\n<h2>Ce que dit la Constitution<\/h2>\n<p><strong>Article 84 :<\/strong> En cas de vacance provisoire de la fonction de Pr\u00e9sident de la R\u00e9publique pour des motifs qui rendent impossible la d\u00e9l\u00e9gation de ses pouvoirs, la Cour constitutionnelle se r\u00e9unit sans d\u00e9lai et constate la vacance provisoire, le Chef du Gouvernement remplace le Pr\u00e9sident de la R\u00e9publique. La dur\u00e9e de la vacance provisoire ne peut exc\u00e9der soixante jours. Si la vacance provisoire exc\u00e8de les soixante jours ou en cas de pr\u00e9sentation par le Pr\u00e9sident de la R\u00e9publique de sa d\u00e9mission \u00e9crite au Pr\u00e9sident de la Cour constitutionnelle, de d\u00e9c\u00e8s ou d\u2019incapacit\u00e9 permanente ou pour tout autre motif de vacance d\u00e9finitive, la Cour constitutionnelle se r\u00e9unit sans d\u00e9lai, constate la vacance d\u00e9finitive et en informe le Pr\u00e9sident de l\u2019Assembl\u00e9e des repr\u00e9sentants du peuple qui est sans d\u00e9lai investi des fonctions de Pr\u00e9sident de la R\u00e9publique par int\u00e9rim, pour une p\u00e9riode de quarante-cinq jours au moins et de quatre-vingt-dix jours au plus.<\/p>\n<p><strong>Article 85<\/strong> : En cas de vacance d\u00e9finitive, le Pr\u00e9sident de la R\u00e9publique par int\u00e9rim pr\u00eate le serment constitutionnel devant l\u2019Assembl\u00e9e des repr\u00e9sentants du peuple, et le cas \u00e9ch\u00e9ant, devant le bureau de l\u2019Assembl\u00e9e, ou devant la Cour constitutionnelle en cas de dissolution de l\u2019Assembl\u00e9e. Article 86 : Au cours de la vacance provisoire ou d\u00e9finitive, le Pr\u00e9sident de la R\u00e9publique par int\u00e9rim exerce les fonctions pr\u00e9sidentielles. Il ne peut prendre l\u2019initiative d\u2019une r\u00e9vision de la Constitution, recourir au r\u00e9f\u00e9rendum ou dissoudre l\u2019Assembl\u00e9e des repr\u00e9sentants du peuple.<\/p>\n<p><strong>Lire aussi<\/strong><\/p>\n<p><a href=\"https:\/\/www.leaders.com.tn\/article\/27572-exclusif-caid-essebsi-je-sais-que-je-suis-sur-le-depart-je-n-ai-pas-l-excuse-de-l-ignorance\" target=\"_blank\" rel=\"noopener noreferrer\">Exclusif &#8211; Ca\u00efd Essebsi : \u00ab Je sais que je suis sur le d\u00e9part, je n\u2019ai pas l\u2019excuse de l\u2019ignorance ! \u00bb<\/a><br \/><a href=\"https:\/\/www.leaders.com.tn\/article\/27570-le-president-beji-caid-essebsi-est-decede-la-tunisie-perd-un-grand-leader\" target=\"_blank\" rel=\"noopener noreferrer\">Le pr\u00e9sident B\u00e9ji Ca\u00efd Essebsi est d\u00e9c\u00e9d\u00e9 : La Tunisie perd un grand leader<\/a><\/p>\n<p>Auteur:<br \/>\n<a href=\"https:\/\/www.leaders.com.tn\/article\/27571-mohamed-ennaceur-assurera-l-interim-de-president-de-la-republique\">Cliquez ici pour lire l&rsquo;article depuis sa source.<\/a><\/p>\n","protected":false},"excerpt":{"rendered":"<p>En cas de vacance d\u00e9finitive de la fonction de pr\u00e9sident de la R\u00e9publique, c\u2019est \u00ab\u00a0le Pr\u00e9sident de l\u2019Assembl\u00e9e des repr\u00e9sentants du peuple qui est sans d\u00e9lai investi des fonctions de Pr\u00e9sident de la R\u00e9publique par int\u00e9rim, pour une p\u00e9riode de quarante-cinq jours au moins et de quatre-vingt-dix jours au plus.\u00a0\u00bb C\u2019est ce que stipule la [&hellip;]<\/p>\n","protected":false},"author":1772,"featured_media":0,"comment_status":"closed","ping_status":"closed","sticky":false,"template":"","format":"standard","meta":{"fifu_image_url":"","fifu_image_alt":"","footnotes":""},"categories":[73,55],"tags":[],"class_list":["post-48282","post","type-post","status-publish","format-standard","hentry","category-actualite","category-tunisie"],"_links":{"self":[{"href":"https:\/\/linitiative.ca\/International\/wp-json\/wp\/v2\/posts\/48282","targetHints":{"allow":["GET"]}}],"collection":[{"href":"https:\/\/linitiative.ca\/International\/wp-json\/wp\/v2\/posts"}],"about":[{"href":"https:\/\/linitiative.ca\/International\/wp-json\/wp\/v2\/types\/post"}],"author":[{"embeddable":true,"href":"https:\/\/linitiative.ca\/International\/wp-json\/wp\/v2\/users\/1772"}],"replies":[{"embeddable":true,"href":"https:\/\/linitiative.ca\/International\/wp-json\/wp\/v2\/comments?post=48282"}],"version-history":[{"count":0,"href":"https:\/\/linitiative.ca\/International\/wp-json\/wp\/v2\/posts\/48282\/revisions"}],"wp:attachment":[{"href":"https:\/\/linitiative.ca\/International\/wp-json\/wp\/v2\/media?parent=48282"}],"wp:term":[{"taxonomy":"category","embeddable":true,"href":"https:\/\/linitiative.ca\/International\/wp-json\/wp\/v2\/categories?post=48282"},{"taxonomy":"post_tag","embeddable":true,"href":"https:\/\/linitiative.ca\/International\/wp-json\/wp\/v2\/tags?post=48282"}],"curies":[{"name":"wp","href":"https:\/\/api.w.org\/{rel}","templated":true}]}}